{"id":21601,"date":"2024-04-15T08:34:24","date_gmt":"2024-04-15T06:34:24","guid":{"rendered":"https:\/\/cullarvega.com\/casa-cultura\/?p=21601"},"modified":"2026-01-28T09:15:38","modified_gmt":"2026-01-28T07:15:38","slug":"taller-gratuito-sobre-ciber-estafas","status":"publish","type":"post","link":"https:\/\/cullarvega.com\/casa-cultura\/taller-gratuito-sobre-ciber-estafas\/","title":{"rendered":"Taller gratuito sobre CIBER-ESTAFAS"},"content":{"rendered":"\n<p>El Punto Vuela C\u00fallar Vega (antiguo Guadalinfo) organiza un taller <strong>gratuito <\/strong>sobre <strong>CIBER-ESTAFAS<\/strong> impartidos por <strong>Edufinet<\/strong>, promovido por Unicaja Banco y la Fundaci\u00f3n Bancaria Unicaja, y dirigido a personas mayores, desempleados y cualquier persona interesada al respecto.<\/p>\n\n\n\n<p>En el taller hablaremos sobre las ciber-estafas m\u00e1s comunes, medidas de seguridad y protecci\u00f3n y qu\u00e9 hacer en caso de ser v\u00edctima.<\/p>\n\n\n\n<p>&#8211; <strong>D\u00eda<\/strong>: Jueves 25 de abril (No hace falta inscripci\u00f3n &#8211; solo asistir la sesi\u00f3n)<\/p>\n\n\n\n<p>&#8211; <strong>Lugar<\/strong> <strong>impartici\u00f3n<\/strong>: Punto Vuela C\u00fallar Vega google maps: <a href=\"https:\/\/g.page\/centroguadalinfocullarvega\" target=\"_blank\" rel=\"noreferrer noopener\">https:\/\/g.page\/centroguadalinfocullarvega<\/a> <\/p>\n\n\n\n<p>&#8211; M\u00e1s Informaci\u00f3n en el <strong>WhatsApp<\/strong> 683 15 01 02<\/p>\n\n\n\n<figure class=\"wp-block-image size-large\"><a href=\"https:\/\/cullarvega.com\/casa-cultura\/wp-content\/uploads\/2024\/04\/ciberestafas-taller-punto-vuela.png\"><img fetchpriority=\"high\" decoding=\"async\" width=\"724\" height=\"1024\" src=\"https:\/\/cullarvega.com\/casa-cultura\/wp-content\/uploads\/2024\/04\/ciberestafas-taller-punto-vuela-724x1024.png\" alt=\"\" class=\"wp-image-21602\" srcset=\"https:\/\/cullarvega.com\/casa-cultura\/wp-content\/uploads\/2024\/04\/ciberestafas-taller-punto-vuela-724x1024.png 724w, https:\/\/cullarvega.com\/casa-cultura\/wp-content\/uploads\/2024\/04\/ciberestafas-taller-punto-vuela-212x300.png 212w, https:\/\/cullarvega.com\/casa-cultura\/wp-content\/uploads\/2024\/04\/ciberestafas-taller-punto-vuela-768x1086.png 768w, https:\/\/cullarvega.com\/casa-cultura\/wp-content\/uploads\/2024\/04\/ciberestafas-taller-punto-vuela-1086x1536.png 1086w, https:\/\/cullarvega.com\/casa-cultura\/wp-content\/uploads\/2024\/04\/ciberestafas-taller-punto-vuela-424x600.png 424w, https:\/\/cullarvega.com\/casa-cultura\/wp-content\/uploads\/2024\/04\/ciberestafas-taller-punto-vuela-396x560.png 396w, https:\/\/cullarvega.com\/casa-cultura\/wp-content\/uploads\/2024\/04\/ciberestafas-taller-punto-vuela.png 1414w\" sizes=\"(max-width: 724px) 100vw, 724px\" \/><\/a><\/figure>\n","protected":false},"excerpt":{"rendered":"<p>El Punto Vuela C\u00fallar Vega (antiguo Guadalinfo) organiza un taller gratuito sobre CIBER-ESTAFAS impartidos por Edufinet, promovido por Unicaja Banco y la Fundaci\u00f3n Bancaria Unicaja, y dirigido a personas mayores, desempleados y cualquier persona interesada al respecto. En el taller hablaremos sobre las ciber-estafas m\u00e1s comunes, medidas de seguridad y protecci\u00f3n y qu\u00e9 hacer en [&hellip;]<\/p>\n","protected":false},"author":1,"featured_media":21602,"comment_status":"closed","ping_status":"open","sticky":false,"template":"","format":"standard","meta":{"footnotes":""},"categories":[43],"tags":[],"class_list":["post-21601","post","type-post","status-publish","format-standard","has-post-thumbnail","hentry","category-punto-vuela"],"_links":{"self":[{"href":"https:\/\/cullarvega.com\/casa-cultura\/wp-json\/wp\/v2\/posts\/21601","targetHints":{"allow":["GET"]}}],"collection":[{"href":"https:\/\/cullarvega.com\/casa-cultura\/wp-json\/wp\/v2\/posts"}],"about":[{"href":"https:\/\/cullarvega.com\/casa-cultura\/wp-json\/wp\/v2\/types\/post"}],"author":[{"embeddable":true,"href":"https:\/\/cullarvega.com\/casa-cultura\/wp-json\/wp\/v2\/users\/1"}],"replies":[{"embeddable":true,"href":"https:\/\/cullarvega.com\/casa-cultura\/wp-json\/wp\/v2\/comments?post=21601"}],"version-history":[{"count":3,"href":"https:\/\/cullarvega.com\/casa-cultura\/wp-json\/wp\/v2\/posts\/21601\/revisions"}],"predecessor-version":[{"id":22213,"href":"https:\/\/cullarvega.com\/casa-cultura\/wp-json\/wp\/v2\/posts\/21601\/revisions\/22213"}],"wp:featuredmedia":[{"embeddable":true,"href":"https:\/\/cullarvega.com\/casa-cultura\/wp-json\/wp\/v2\/media\/21602"}],"wp:attachment":[{"href":"https:\/\/cullarvega.com\/casa-cultura\/wp-json\/wp\/v2\/media?parent=21601"}],"wp:term":[{"taxonomy":"category","embeddable":true,"href":"https:\/\/cullarvega.com\/casa-cultura\/wp-json\/wp\/v2\/categories?post=21601"},{"taxonomy":"post_tag","embeddable":true,"href":"https:\/\/cullarvega.com\/casa-cultura\/wp-json\/wp\/v2\/tags?post=21601"}],"curies":[{"name":"wp","href":"https:\/\/api.w.org\/{rel}","templated":true}]}}