{"id":21596,"date":"2024-04-10T12:53:58","date_gmt":"2024-04-10T10:53:58","guid":{"rendered":"https:\/\/cullarvega.com\/casa-cultura\/?p=21596"},"modified":"2026-01-28T09:15:34","modified_gmt":"2026-01-28T07:15:34","slug":"taller-de-lectura-consciente-carambola-de-cristal","status":"publish","type":"post","link":"https:\/\/cullarvega.com\/casa-cultura\/taller-de-lectura-consciente-carambola-de-cristal\/","title":{"rendered":"Taller de lectura consciente \u00abCarambola de Cristal\u00bb"},"content":{"rendered":"\n<p>La Biblioteca P\u00fablica Municipal de C\u00fallar Vega tiene el placer de invitarles al taller de lectura consciente en torno al libro \u00ab<strong>Carambola de Cristal<\/strong>\u00bb de <strong>Victoria Eugenia Mu\u00f1oz Jim\u00e9nez.<\/strong><\/p>\n\n\n\n<p><strong>Lugar<\/strong>: Biblioteca P\u00fablica Municipal de C\u00fallar Vega <\/p>\n\n\n\n<p><strong>D\u00eda<\/strong>: Martes 23 de abril <\/p>\n\n\n\n<p>Entrada libre hasta completar aforo<\/p>\n\n\n\n<figure class=\"wp-block-image size-large\"><a href=\"https:\/\/cullarvega.com\/casa-cultura\/wp-content\/uploads\/2024\/04\/taller-lectura-consciente-carambola-de-cristal.jpeg\"><img fetchpriority=\"high\" decoding=\"async\" width=\"1024\" height=\"1024\" src=\"https:\/\/cullarvega.com\/casa-cultura\/wp-content\/uploads\/2024\/04\/taller-lectura-consciente-carambola-de-cristal-1024x1024.jpeg\" alt=\"\" class=\"wp-image-21597\" srcset=\"https:\/\/cullarvega.com\/casa-cultura\/wp-content\/uploads\/2024\/04\/taller-lectura-consciente-carambola-de-cristal-1024x1024.jpeg 1024w, https:\/\/cullarvega.com\/casa-cultura\/wp-content\/uploads\/2024\/04\/taller-lectura-consciente-carambola-de-cristal-300x300.jpeg 300w, https:\/\/cullarvega.com\/casa-cultura\/wp-content\/uploads\/2024\/04\/taller-lectura-consciente-carambola-de-cristal-150x150.jpeg 150w, https:\/\/cullarvega.com\/casa-cultura\/wp-content\/uploads\/2024\/04\/taller-lectura-consciente-carambola-de-cristal-768x768.jpeg 768w, https:\/\/cullarvega.com\/casa-cultura\/wp-content\/uploads\/2024\/04\/taller-lectura-consciente-carambola-de-cristal-1536x1536.jpeg 1536w, https:\/\/cullarvega.com\/casa-cultura\/wp-content\/uploads\/2024\/04\/taller-lectura-consciente-carambola-de-cristal-600x600.jpeg 600w, https:\/\/cullarvega.com\/casa-cultura\/wp-content\/uploads\/2024\/04\/taller-lectura-consciente-carambola-de-cristal-560x560.jpeg 560w, https:\/\/cullarvega.com\/casa-cultura\/wp-content\/uploads\/2024\/04\/taller-lectura-consciente-carambola-de-cristal.jpeg 2048w\" sizes=\"(max-width: 1024px) 100vw, 1024px\" \/><\/a><\/figure>\n","protected":false},"excerpt":{"rendered":"<p>La Biblioteca P\u00fablica Municipal de C\u00fallar Vega tiene el placer de invitarles al taller de lectura consciente en torno al libro \u00abCarambola de Cristal\u00bb de Victoria Eugenia Mu\u00f1oz Jim\u00e9nez. Lugar: Biblioteca P\u00fablica Municipal de C\u00fallar Vega D\u00eda: Martes 23 de abril Entrada libre hasta completar aforo<\/p>\n","protected":false},"author":1,"featured_media":21597,"comment_status":"closed","ping_status":"open","sticky":false,"template":"","format":"standard","meta":{"footnotes":""},"categories":[41],"tags":[],"class_list":["post-21596","post","type-post","status-publish","format-standard","has-post-thumbnail","hentry","category-biblioteca"],"_links":{"self":[{"href":"https:\/\/cullarvega.com\/casa-cultura\/wp-json\/wp\/v2\/posts\/21596","targetHints":{"allow":["GET"]}}],"collection":[{"href":"https:\/\/cullarvega.com\/casa-cultura\/wp-json\/wp\/v2\/posts"}],"about":[{"href":"https:\/\/cullarvega.com\/casa-cultura\/wp-json\/wp\/v2\/types\/post"}],"author":[{"embeddable":true,"href":"https:\/\/cullarvega.com\/casa-cultura\/wp-json\/wp\/v2\/users\/1"}],"replies":[{"embeddable":true,"href":"https:\/\/cullarvega.com\/casa-cultura\/wp-json\/wp\/v2\/comments?post=21596"}],"version-history":[{"count":2,"href":"https:\/\/cullarvega.com\/casa-cultura\/wp-json\/wp\/v2\/posts\/21596\/revisions"}],"predecessor-version":[{"id":22212,"href":"https:\/\/cullarvega.com\/casa-cultura\/wp-json\/wp\/v2\/posts\/21596\/revisions\/22212"}],"wp:featuredmedia":[{"embeddable":true,"href":"https:\/\/cullarvega.com\/casa-cultura\/wp-json\/wp\/v2\/media\/21597"}],"wp:attachment":[{"href":"https:\/\/cullarvega.com\/casa-cultura\/wp-json\/wp\/v2\/media?parent=21596"}],"wp:term":[{"taxonomy":"category","embeddable":true,"href":"https:\/\/cullarvega.com\/casa-cultura\/wp-json\/wp\/v2\/categories?post=21596"},{"taxonomy":"post_tag","embeddable":true,"href":"https:\/\/cullarvega.com\/casa-cultura\/wp-json\/wp\/v2\/tags?post=21596"}],"curies":[{"name":"wp","href":"https:\/\/api.w.org\/{rel}","templated":true}]}}