{"id":21589,"date":"2024-04-10T08:51:47","date_gmt":"2024-04-10T06:51:47","guid":{"rendered":"https:\/\/cullarvega.com\/casa-cultura\/?p=21589"},"modified":"2026-01-28T09:15:25","modified_gmt":"2026-01-28T07:15:25","slug":"taller-gratuito-de-tiktok-e-instagram","status":"publish","type":"post","link":"https:\/\/cullarvega.com\/casa-cultura\/taller-gratuito-de-tiktok-e-instagram\/","title":{"rendered":"Taller gratuito de \u00abTikTok e Instagram\u00bb"},"content":{"rendered":"\n<p>La Fundaci\u00f3n Cibervoluntarios, con el respaldo de la Consejer\u00eda de Inclusi\u00f3n Social, Juventud, Familias e Igualdad de la Junta de Andaluc\u00eda y en colaboraci\u00f3n con el Ayuntamiento de C\u00fallar Vega y el Punto Vuela C\u00fallar Vega, se complace en invitarles al taller gratuito sobre las dos redes sociales m\u00e1s influyentes en la actualidad: <strong>TIKTOK E INSTAGRAM<\/strong>, que se llevar\u00e1 a cabo los d\u00edas jueves 18 y viernes 19 de abril.<\/p>\n\n\n\n<p>Se organizar\u00e1n 2 sesiones para facilitar la asistencia al mismo:<\/p>\n\n\n\n<ul class=\"wp-block-list\">\n<li><strong>Jueves<\/strong> <strong>18 de abril<\/strong><\/li>\n\n\n\n<li><strong>Viernes 19 de abril<\/strong><\/li>\n<\/ul>\n\n\n\n<p><strong>LUGAR<\/strong>: Punto Vuela C\u00fallar Vega (P. Jer\u00f3nimo Rueda s\/n &#8211; Casa Cultura &#8211; enlace Google Maps: <a href=\"https:\/\/maps.app.goo.gl\/1B9KCkUXdLndGdDv8\" target=\"_blank\" rel=\"noreferrer noopener\">https:\/\/maps.app.goo.gl\/1B9KCkUXdLndGdDv8<\/a>)<\/p>\n\n\n\n<p><em>No hace falta inscripci\u00f3n &#8211; solo asistir a cualquiera de las 2 sesione<\/em>s<\/p>\n\n\n\n<figure class=\"wp-block-image size-large\"><a href=\"https:\/\/cullarvega.com\/casa-cultura\/wp-content\/uploads\/2024\/04\/taller-tiktok-instagram.png\"><img fetchpriority=\"high\" decoding=\"async\" width=\"724\" height=\"1024\" src=\"https:\/\/cullarvega.com\/casa-cultura\/wp-content\/uploads\/2024\/04\/taller-tiktok-instagram-724x1024.png\" alt=\"\" class=\"wp-image-21590\" srcset=\"https:\/\/cullarvega.com\/casa-cultura\/wp-content\/uploads\/2024\/04\/taller-tiktok-instagram-724x1024.png 724w, https:\/\/cullarvega.com\/casa-cultura\/wp-content\/uploads\/2024\/04\/taller-tiktok-instagram-212x300.png 212w, https:\/\/cullarvega.com\/casa-cultura\/wp-content\/uploads\/2024\/04\/taller-tiktok-instagram-768x1086.png 768w, https:\/\/cullarvega.com\/casa-cultura\/wp-content\/uploads\/2024\/04\/taller-tiktok-instagram-1086x1536.png 1086w, https:\/\/cullarvega.com\/casa-cultura\/wp-content\/uploads\/2024\/04\/taller-tiktok-instagram-424x600.png 424w, https:\/\/cullarvega.com\/casa-cultura\/wp-content\/uploads\/2024\/04\/taller-tiktok-instagram-396x560.png 396w, https:\/\/cullarvega.com\/casa-cultura\/wp-content\/uploads\/2024\/04\/taller-tiktok-instagram.png 1414w\" sizes=\"(max-width: 724px) 100vw, 724px\" \/><\/a><\/figure>\n","protected":false},"excerpt":{"rendered":"<p>La Fundaci\u00f3n Cibervoluntarios, con el respaldo de la Consejer\u00eda de Inclusi\u00f3n Social, Juventud, Familias e Igualdad de la Junta de Andaluc\u00eda y en colaboraci\u00f3n con el Ayuntamiento de C\u00fallar Vega y el Punto Vuela C\u00fallar Vega, se complace en invitarles al taller gratuito sobre las dos redes sociales m\u00e1s influyentes en la actualidad: TIKTOK E [&hellip;]<\/p>\n","protected":false},"author":1,"featured_media":21590,"comment_status":"closed","ping_status":"open","sticky":false,"template":"","format":"standard","meta":{"footnotes":""},"categories":[43],"tags":[],"class_list":["post-21589","post","type-post","status-publish","format-standard","has-post-thumbnail","hentry","category-punto-vuela"],"_links":{"self":[{"href":"https:\/\/cullarvega.com\/casa-cultura\/wp-json\/wp\/v2\/posts\/21589","targetHints":{"allow":["GET"]}}],"collection":[{"href":"https:\/\/cullarvega.com\/casa-cultura\/wp-json\/wp\/v2\/posts"}],"about":[{"href":"https:\/\/cullarvega.com\/casa-cultura\/wp-json\/wp\/v2\/types\/post"}],"author":[{"embeddable":true,"href":"https:\/\/cullarvega.com\/casa-cultura\/wp-json\/wp\/v2\/users\/1"}],"replies":[{"embeddable":true,"href":"https:\/\/cullarvega.com\/casa-cultura\/wp-json\/wp\/v2\/comments?post=21589"}],"version-history":[{"count":2,"href":"https:\/\/cullarvega.com\/casa-cultura\/wp-json\/wp\/v2\/posts\/21589\/revisions"}],"predecessor-version":[{"id":22211,"href":"https:\/\/cullarvega.com\/casa-cultura\/wp-json\/wp\/v2\/posts\/21589\/revisions\/22211"}],"wp:featuredmedia":[{"embeddable":true,"href":"https:\/\/cullarvega.com\/casa-cultura\/wp-json\/wp\/v2\/media\/21590"}],"wp:attachment":[{"href":"https:\/\/cullarvega.com\/casa-cultura\/wp-json\/wp\/v2\/media?parent=21589"}],"wp:term":[{"taxonomy":"category","embeddable":true,"href":"https:\/\/cullarvega.com\/casa-cultura\/wp-json\/wp\/v2\/categories?post=21589"},{"taxonomy":"post_tag","embeddable":true,"href":"https:\/\/cullarvega.com\/casa-cultura\/wp-json\/wp\/v2\/tags?post=21589"}],"curies":[{"name":"wp","href":"https:\/\/api.w.org\/{rel}","templated":true}]}}