{"id":21584,"date":"2024-04-08T13:53:22","date_gmt":"2024-04-08T11:53:22","guid":{"rendered":"https:\/\/cullarvega.com\/casa-cultura\/?p=21584"},"modified":"2024-04-08T13:53:23","modified_gmt":"2024-04-08T11:53:23","slug":"exposicion-experiencial-ceramica-raku","status":"publish","type":"post","link":"https:\/\/cullarvega.com\/casa-cultura\/exposicion-experiencial-ceramica-raku\/","title":{"rendered":"Exposici\u00f3n experiencial \u00abCer\u00e1mica Rak\u00fa\u00bb"},"content":{"rendered":"\n<p>Del 15 al 29 de abril disfruta del Artes y la Espiritualidad entre tradici\u00f3n e innovaci\u00f3n con la Exposici\u00f3n Experiencial \u00abCer\u00e1mica Rak\u00fa\u00bb<\/p>\n\n\n\n<p><strong>\u00bfCuando? <\/strong>del 15 al 29 de abril<\/p>\n\n\n\n<p><strong>\u00bfD\u00f3nde? <\/strong>Sala de Exposiciones de la Casa de la Cultura<\/p>\n\n\n\n<figure class=\"wp-block-image size-large\"><a href=\"https:\/\/cullarvega.com\/casa-cultura\/wp-content\/uploads\/2024\/04\/ceramica-raku-exposicion.jpeg\"><img fetchpriority=\"high\" decoding=\"async\" width=\"724\" height=\"1024\" src=\"https:\/\/cullarvega.com\/casa-cultura\/wp-content\/uploads\/2024\/04\/ceramica-raku-exposicion-724x1024.jpeg\" alt=\"\" class=\"wp-image-21585\" srcset=\"https:\/\/cullarvega.com\/casa-cultura\/wp-content\/uploads\/2024\/04\/ceramica-raku-exposicion-724x1024.jpeg 724w, https:\/\/cullarvega.com\/casa-cultura\/wp-content\/uploads\/2024\/04\/ceramica-raku-exposicion-212x300.jpeg 212w, https:\/\/cullarvega.com\/casa-cultura\/wp-content\/uploads\/2024\/04\/ceramica-raku-exposicion-768x1086.jpeg 768w, https:\/\/cullarvega.com\/casa-cultura\/wp-content\/uploads\/2024\/04\/ceramica-raku-exposicion-1086x1536.jpeg 1086w, https:\/\/cullarvega.com\/casa-cultura\/wp-content\/uploads\/2024\/04\/ceramica-raku-exposicion-424x600.jpeg 424w, https:\/\/cullarvega.com\/casa-cultura\/wp-content\/uploads\/2024\/04\/ceramica-raku-exposicion-396x560.jpeg 396w, https:\/\/cullarvega.com\/casa-cultura\/wp-content\/uploads\/2024\/04\/ceramica-raku-exposicion.jpeg 1448w\" sizes=\"(max-width: 724px) 100vw, 724px\" \/><\/a><\/figure>\n","protected":false},"excerpt":{"rendered":"<p>Del 15 al 29 de abril disfruta del Artes y la Espiritualidad entre tradici\u00f3n e innovaci\u00f3n con la Exposici\u00f3n Experiencial \u00abCer\u00e1mica Rak\u00fa\u00bb \u00bfCuando? del 15 al 29 de abril \u00bfD\u00f3nde? Sala de Exposiciones de la Casa de la Cultura<\/p>\n","protected":false},"author":1,"featured_media":21585,"comment_status":"closed","ping_status":"open","sticky":false,"template":"","format":"standard","meta":{"footnotes":""},"categories":[118],"tags":[],"class_list":["post-21584","post","type-post","status-publish","format-standard","has-post-thumbnail","hentry","category-sala-exposiciones"],"_links":{"self":[{"href":"https:\/\/cullarvega.com\/casa-cultura\/wp-json\/wp\/v2\/posts\/21584","targetHints":{"allow":["GET"]}}],"collection":[{"href":"https:\/\/cullarvega.com\/casa-cultura\/wp-json\/wp\/v2\/posts"}],"about":[{"href":"https:\/\/cullarvega.com\/casa-cultura\/wp-json\/wp\/v2\/types\/post"}],"author":[{"embeddable":true,"href":"https:\/\/cullarvega.com\/casa-cultura\/wp-json\/wp\/v2\/users\/1"}],"replies":[{"embeddable":true,"href":"https:\/\/cullarvega.com\/casa-cultura\/wp-json\/wp\/v2\/comments?post=21584"}],"version-history":[{"count":1,"href":"https:\/\/cullarvega.com\/casa-cultura\/wp-json\/wp\/v2\/posts\/21584\/revisions"}],"predecessor-version":[{"id":21586,"href":"https:\/\/cullarvega.com\/casa-cultura\/wp-json\/wp\/v2\/posts\/21584\/revisions\/21586"}],"wp:featuredmedia":[{"embeddable":true,"href":"https:\/\/cullarvega.com\/casa-cultura\/wp-json\/wp\/v2\/media\/21585"}],"wp:attachment":[{"href":"https:\/\/cullarvega.com\/casa-cultura\/wp-json\/wp\/v2\/media?parent=21584"}],"wp:term":[{"taxonomy":"category","embeddable":true,"href":"https:\/\/cullarvega.com\/casa-cultura\/wp-json\/wp\/v2\/categories?post=21584"},{"taxonomy":"post_tag","embeddable":true,"href":"https:\/\/cullarvega.com\/casa-cultura\/wp-json\/wp\/v2\/tags?post=21584"}],"curies":[{"name":"wp","href":"https:\/\/api.w.org\/{rel}","templated":true}]}}