{"id":21562,"date":"2024-03-12T18:44:22","date_gmt":"2024-03-12T17:44:22","guid":{"rendered":"https:\/\/cullarvega.com\/casa-cultura\/?p=21562"},"modified":"2024-03-12T18:44:37","modified_gmt":"2024-03-12T17:44:37","slug":"charla-informativa-para-empresas-y-negocios-sobre-las-ventajas-de-adherirse-al-carne-joven","status":"publish","type":"post","link":"https:\/\/cullarvega.com\/casa-cultura\/charla-informativa-para-empresas-y-negocios-sobre-las-ventajas-de-adherirse-al-carne-joven\/","title":{"rendered":"Charla informativa para empresas y negocios sobre las ventajas de adherirse al \u201dCARN\u00c9 JOVEN\u201d"},"content":{"rendered":"\n<p>Durante la charla se informar\u00e1 sobre las ventajas de unirse al programa y se presentar\u00e1 la nueva aplicaci\u00f3n, a trav\u00e9s de la cual los j\u00f3venes podr\u00e1n encontrar todos los negocios y comercios asociados al CARN\u00c9 JOVEN. Se destacar\u00e1n aspectos como la publicidad, presencia y localizaci\u00f3n de tu negocio entre j\u00f3venes de 14 a 30 a\u00f1os, as\u00ed como las ventajas de esta nueva herramienta.<\/p>\n\n\n\n<p>Se organizar\u00e1n 2 sesiones para facilitar la asistencia al mismo.<\/p>\n\n\n\n<p><strong>1\u00aa sesi\u00f3n: <\/strong>mi\u00e9rcoles 20 de marzo 08:30 h. <\/p>\n\n\n\n<p><strong>2\u00aa sesi\u00f3n: <\/strong>mi\u00e9rcoles 20 de marzo 15:30 h.<\/p>\n\n\n\n<p>Tendr\u00e1n lugar en el <strong>Punto Vuela C\u00fallar Vega <\/strong>(Paseo Jer\u00f3nimo de Rueda S\/N &#8211; Casa de la Cultura)<\/p>\n\n\n\n<figure class=\"wp-block-image size-large\"><a href=\"https:\/\/cullarvega.com\/casa-cultura\/wp-content\/uploads\/2024\/03\/charla-carne-joven.png\"><img fetchpriority=\"high\" decoding=\"async\" width=\"724\" height=\"1024\" src=\"https:\/\/cullarvega.com\/casa-cultura\/wp-content\/uploads\/2024\/03\/charla-carne-joven-724x1024.png\" alt=\"\" class=\"wp-image-21563\" srcset=\"https:\/\/cullarvega.com\/casa-cultura\/wp-content\/uploads\/2024\/03\/charla-carne-joven-724x1024.png 724w, https:\/\/cullarvega.com\/casa-cultura\/wp-content\/uploads\/2024\/03\/charla-carne-joven-212x300.png 212w, https:\/\/cullarvega.com\/casa-cultura\/wp-content\/uploads\/2024\/03\/charla-carne-joven-768x1086.png 768w, https:\/\/cullarvega.com\/casa-cultura\/wp-content\/uploads\/2024\/03\/charla-carne-joven-1086x1536.png 1086w, https:\/\/cullarvega.com\/casa-cultura\/wp-content\/uploads\/2024\/03\/charla-carne-joven-424x600.png 424w, https:\/\/cullarvega.com\/casa-cultura\/wp-content\/uploads\/2024\/03\/charla-carne-joven-396x560.png 396w, https:\/\/cullarvega.com\/casa-cultura\/wp-content\/uploads\/2024\/03\/charla-carne-joven.png 1414w\" sizes=\"(max-width: 724px) 100vw, 724px\" \/><\/a><\/figure>\n","protected":false},"excerpt":{"rendered":"<p>Durante la charla se informar\u00e1 sobre las ventajas de unirse al programa y se presentar\u00e1 la nueva aplicaci\u00f3n, a trav\u00e9s de la cual los j\u00f3venes podr\u00e1n encontrar todos los negocios y comercios asociados al CARN\u00c9 JOVEN. Se destacar\u00e1n aspectos como la publicidad, presencia y localizaci\u00f3n de tu negocio entre j\u00f3venes de 14 a 30 a\u00f1os, [&hellip;]<\/p>\n","protected":false},"author":1,"featured_media":21563,"comment_status":"closed","ping_status":"open","sticky":false,"template":"","format":"standard","meta":{"footnotes":""},"categories":[43],"tags":[],"class_list":["post-21562","post","type-post","status-publish","format-standard","has-post-thumbnail","hentry","category-punto-vuela"],"_links":{"self":[{"href":"https:\/\/cullarvega.com\/casa-cultura\/wp-json\/wp\/v2\/posts\/21562","targetHints":{"allow":["GET"]}}],"collection":[{"href":"https:\/\/cullarvega.com\/casa-cultura\/wp-json\/wp\/v2\/posts"}],"about":[{"href":"https:\/\/cullarvega.com\/casa-cultura\/wp-json\/wp\/v2\/types\/post"}],"author":[{"embeddable":true,"href":"https:\/\/cullarvega.com\/casa-cultura\/wp-json\/wp\/v2\/users\/1"}],"replies":[{"embeddable":true,"href":"https:\/\/cullarvega.com\/casa-cultura\/wp-json\/wp\/v2\/comments?post=21562"}],"version-history":[{"count":3,"href":"https:\/\/cullarvega.com\/casa-cultura\/wp-json\/wp\/v2\/posts\/21562\/revisions"}],"predecessor-version":[{"id":21566,"href":"https:\/\/cullarvega.com\/casa-cultura\/wp-json\/wp\/v2\/posts\/21562\/revisions\/21566"}],"wp:featuredmedia":[{"embeddable":true,"href":"https:\/\/cullarvega.com\/casa-cultura\/wp-json\/wp\/v2\/media\/21563"}],"wp:attachment":[{"href":"https:\/\/cullarvega.com\/casa-cultura\/wp-json\/wp\/v2\/media?parent=21562"}],"wp:term":[{"taxonomy":"category","embeddable":true,"href":"https:\/\/cullarvega.com\/casa-cultura\/wp-json\/wp\/v2\/categories?post=21562"},{"taxonomy":"post_tag","embeddable":true,"href":"https:\/\/cullarvega.com\/casa-cultura\/wp-json\/wp\/v2\/tags?post=21562"}],"curies":[{"name":"wp","href":"https:\/\/api.w.org\/{rel}","templated":true}]}}