{"id":21557,"date":"2024-03-12T17:18:10","date_gmt":"2024-03-12T16:18:10","guid":{"rendered":"https:\/\/cullarvega.com\/casa-cultura\/?p=21557"},"modified":"2024-03-12T17:18:11","modified_gmt":"2024-03-12T16:18:11","slug":"dejate-de-historias-muestra-de-teatro","status":"publish","type":"post","link":"https:\/\/cullarvega.com\/casa-cultura\/dejate-de-historias-muestra-de-teatro\/","title":{"rendered":"\u00abD\u00e9jate de historias\u00bb muestra de teatro"},"content":{"rendered":"\n<p>Ven y disfruta con escenas de improvisaci\u00f3n y creaci\u00f3n colectiva en el juego, el ritmo en el espacio y en la liberaci\u00f3n de la creatividad el pr\u00f3ximo domingo 7 de abril con \u00abD\u00c9JATE DE HISTORIAS\u00bb. Actuar\u00e1n \u00c1frica, Anabel, Diana, Javi, Jos\u00e9, Roc\u00edo, Sara Q, Sara R. y Trini de <strong>Trealejo Teatro<\/strong> bajo la direcci\u00f3n de Yanina Ivaldi<\/p>\n\n\n\n<p><strong>D\u00eda<\/strong>: domingo 7 de abril<\/p>\n\n\n\n<p><strong>Hora<\/strong>: 18:00 h.<\/p>\n\n\n\n<p><strong>Lugar<\/strong>: Casa de la Cultura de C\u00fallar Vega<\/p>\n\n\n\n<figure class=\"wp-block-image size-large\"><a href=\"https:\/\/cullarvega.com\/casa-cultura\/wp-content\/uploads\/2024\/03\/dejate-de-historias.jpeg\"><img fetchpriority=\"high\" decoding=\"async\" width=\"1024\" height=\"1024\" src=\"https:\/\/cullarvega.com\/casa-cultura\/wp-content\/uploads\/2024\/03\/dejate-de-historias-1024x1024.jpeg\" alt=\"\" class=\"wp-image-21558\" srcset=\"https:\/\/cullarvega.com\/casa-cultura\/wp-content\/uploads\/2024\/03\/dejate-de-historias-1024x1024.jpeg 1024w, https:\/\/cullarvega.com\/casa-cultura\/wp-content\/uploads\/2024\/03\/dejate-de-historias-300x300.jpeg 300w, https:\/\/cullarvega.com\/casa-cultura\/wp-content\/uploads\/2024\/03\/dejate-de-historias-150x150.jpeg 150w, https:\/\/cullarvega.com\/casa-cultura\/wp-content\/uploads\/2024\/03\/dejate-de-historias-768x768.jpeg 768w, https:\/\/cullarvega.com\/casa-cultura\/wp-content\/uploads\/2024\/03\/dejate-de-historias-600x600.jpeg 600w, https:\/\/cullarvega.com\/casa-cultura\/wp-content\/uploads\/2024\/03\/dejate-de-historias-560x560.jpeg 560w, https:\/\/cullarvega.com\/casa-cultura\/wp-content\/uploads\/2024\/03\/dejate-de-historias.jpeg 1080w\" sizes=\"(max-width: 1024px) 100vw, 1024px\" \/><\/a><\/figure>\n","protected":false},"excerpt":{"rendered":"<p>Ven y disfruta con escenas de improvisaci\u00f3n y creaci\u00f3n colectiva en el juego, el ritmo en el espacio y en la liberaci\u00f3n de la creatividad el pr\u00f3ximo domingo 7 de abril con \u00abD\u00c9JATE DE HISTORIAS\u00bb. Actuar\u00e1n \u00c1frica, Anabel, Diana, Javi, Jos\u00e9, Roc\u00edo, Sara Q, Sara R. y Trini de Trealejo Teatro bajo la direcci\u00f3n de [&hellip;]<\/p>\n","protected":false},"author":1,"featured_media":21558,"comment_status":"closed","ping_status":"open","sticky":false,"template":"","format":"standard","meta":{"footnotes":""},"categories":[175],"tags":[],"class_list":["post-21557","post","type-post","status-publish","format-standard","has-post-thumbnail","hentry","category-teatro"],"_links":{"self":[{"href":"https:\/\/cullarvega.com\/casa-cultura\/wp-json\/wp\/v2\/posts\/21557","targetHints":{"allow":["GET"]}}],"collection":[{"href":"https:\/\/cullarvega.com\/casa-cultura\/wp-json\/wp\/v2\/posts"}],"about":[{"href":"https:\/\/cullarvega.com\/casa-cultura\/wp-json\/wp\/v2\/types\/post"}],"author":[{"embeddable":true,"href":"https:\/\/cullarvega.com\/casa-cultura\/wp-json\/wp\/v2\/users\/1"}],"replies":[{"embeddable":true,"href":"https:\/\/cullarvega.com\/casa-cultura\/wp-json\/wp\/v2\/comments?post=21557"}],"version-history":[{"count":1,"href":"https:\/\/cullarvega.com\/casa-cultura\/wp-json\/wp\/v2\/posts\/21557\/revisions"}],"predecessor-version":[{"id":21559,"href":"https:\/\/cullarvega.com\/casa-cultura\/wp-json\/wp\/v2\/posts\/21557\/revisions\/21559"}],"wp:featuredmedia":[{"embeddable":true,"href":"https:\/\/cullarvega.com\/casa-cultura\/wp-json\/wp\/v2\/media\/21558"}],"wp:attachment":[{"href":"https:\/\/cullarvega.com\/casa-cultura\/wp-json\/wp\/v2\/media?parent=21557"}],"wp:term":[{"taxonomy":"category","embeddable":true,"href":"https:\/\/cullarvega.com\/casa-cultura\/wp-json\/wp\/v2\/categories?post=21557"},{"taxonomy":"post_tag","embeddable":true,"href":"https:\/\/cullarvega.com\/casa-cultura\/wp-json\/wp\/v2\/tags?post=21557"}],"curies":[{"name":"wp","href":"https:\/\/api.w.org\/{rel}","templated":true}]}}