{"id":21553,"date":"2024-03-12T17:17:26","date_gmt":"2024-03-12T16:17:26","guid":{"rendered":"https:\/\/cullarvega.com\/casa-cultura\/?p=21553"},"modified":"2024-03-12T17:17:26","modified_gmt":"2024-03-12T16:17:26","slug":"fiesta-de-la-primavera-sabado-23-de-marzo","status":"publish","type":"post","link":"https:\/\/cullarvega.com\/casa-cultura\/fiesta-de-la-primavera-sabado-23-de-marzo\/","title":{"rendered":"Fiesta de la Primavera s\u00e1bado 23 de marzo"},"content":{"rendered":"\n<p>Celebra la llegada de la primavera el pr\u00f3ximo s\u00e1bado 23 de marzo en la explanada de la Casa de la Cultura con actuaciones desde las 14 h. y barra con comida al mediod\u00eda (paella)<\/p>\n\n\n\n<p>Actuar\u00e1n Carlos Peralias, Los Chanelos, Los Tocayos, Cristian Delgado, Los Pelirrojos, Antonio Fern\u00e1ndez &amp; Javier de Carmen, Los Inst\u00e1ntaneos y el Patio.<\/p>\n\n\n\n<p>Todos los fondos recaudados ser\u00e1n destinados para las terapias del peque\u00f1o H\u00e9ctor.<\/p>\n\n\n\n<figure class=\"wp-block-image size-large\"><a href=\"https:\/\/cullarvega.com\/casa-cultura\/wp-content\/uploads\/2024\/03\/fiesta-primavera-2024-cullar-vega-1.jpeg\"><img fetchpriority=\"high\" decoding=\"async\" width=\"723\" height=\"1024\" src=\"https:\/\/cullarvega.com\/casa-cultura\/wp-content\/uploads\/2024\/03\/fiesta-primavera-2024-cullar-vega-1-723x1024.jpeg\" alt=\"\" class=\"wp-image-21555\" srcset=\"https:\/\/cullarvega.com\/casa-cultura\/wp-content\/uploads\/2024\/03\/fiesta-primavera-2024-cullar-vega-1-723x1024.jpeg 723w, https:\/\/cullarvega.com\/casa-cultura\/wp-content\/uploads\/2024\/03\/fiesta-primavera-2024-cullar-vega-1-212x300.jpeg 212w, https:\/\/cullarvega.com\/casa-cultura\/wp-content\/uploads\/2024\/03\/fiesta-primavera-2024-cullar-vega-1-768x1087.jpeg 768w, https:\/\/cullarvega.com\/casa-cultura\/wp-content\/uploads\/2024\/03\/fiesta-primavera-2024-cullar-vega-1-1085x1536.jpeg 1085w, https:\/\/cullarvega.com\/casa-cultura\/wp-content\/uploads\/2024\/03\/fiesta-primavera-2024-cullar-vega-1-424x600.jpeg 424w, https:\/\/cullarvega.com\/casa-cultura\/wp-content\/uploads\/2024\/03\/fiesta-primavera-2024-cullar-vega-1-396x560.jpeg 396w, https:\/\/cullarvega.com\/casa-cultura\/wp-content\/uploads\/2024\/03\/fiesta-primavera-2024-cullar-vega-1.jpeg 1130w\" sizes=\"(max-width: 723px) 100vw, 723px\" \/><\/a><\/figure>\n","protected":false},"excerpt":{"rendered":"<p>Celebra la llegada de la primavera el pr\u00f3ximo s\u00e1bado 23 de marzo en la explanada de la Casa de la Cultura con actuaciones desde las 14 h. y barra con comida al mediod\u00eda (paella) Actuar\u00e1n Carlos Peralias, Los Chanelos, Los Tocayos, Cristian Delgado, Los Pelirrojos, Antonio Fern\u00e1ndez &amp; Javier de Carmen, Los Inst\u00e1ntaneos y el [&hellip;]<\/p>\n","protected":false},"author":1,"featured_media":21554,"comment_status":"closed","ping_status":"open","sticky":false,"template":"","format":"standard","meta":{"footnotes":""},"categories":[1],"tags":[],"class_list":["post-21553","post","type-post","status-publish","format-standard","has-post-thumbnail","hentry","category-actualidad"],"_links":{"self":[{"href":"https:\/\/cullarvega.com\/casa-cultura\/wp-json\/wp\/v2\/posts\/21553","targetHints":{"allow":["GET"]}}],"collection":[{"href":"https:\/\/cullarvega.com\/casa-cultura\/wp-json\/wp\/v2\/posts"}],"about":[{"href":"https:\/\/cullarvega.com\/casa-cultura\/wp-json\/wp\/v2\/types\/post"}],"author":[{"embeddable":true,"href":"https:\/\/cullarvega.com\/casa-cultura\/wp-json\/wp\/v2\/users\/1"}],"replies":[{"embeddable":true,"href":"https:\/\/cullarvega.com\/casa-cultura\/wp-json\/wp\/v2\/comments?post=21553"}],"version-history":[{"count":1,"href":"https:\/\/cullarvega.com\/casa-cultura\/wp-json\/wp\/v2\/posts\/21553\/revisions"}],"predecessor-version":[{"id":21556,"href":"https:\/\/cullarvega.com\/casa-cultura\/wp-json\/wp\/v2\/posts\/21553\/revisions\/21556"}],"wp:featuredmedia":[{"embeddable":true,"href":"https:\/\/cullarvega.com\/casa-cultura\/wp-json\/wp\/v2\/media\/21554"}],"wp:attachment":[{"href":"https:\/\/cullarvega.com\/casa-cultura\/wp-json\/wp\/v2\/media?parent=21553"}],"wp:term":[{"taxonomy":"category","embeddable":true,"href":"https:\/\/cullarvega.com\/casa-cultura\/wp-json\/wp\/v2\/categories?post=21553"},{"taxonomy":"post_tag","embeddable":true,"href":"https:\/\/cullarvega.com\/casa-cultura\/wp-json\/wp\/v2\/tags?post=21553"}],"curies":[{"name":"wp","href":"https:\/\/api.w.org\/{rel}","templated":true}]}}