{"id":21541,"date":"2024-03-01T11:15:14","date_gmt":"2024-03-01T10:15:14","guid":{"rendered":"https:\/\/cullarvega.com\/casa-cultura\/?p=21541"},"modified":"2024-02-27T11:16:40","modified_gmt":"2024-02-27T10:16:40","slug":"viajeros-por-el-arte-y-la-poesia-con-marina-tapia","status":"publish","type":"post","link":"https:\/\/cullarvega.com\/casa-cultura\/viajeros-por-el-arte-y-la-poesia-con-marina-tapia\/","title":{"rendered":"\u00abViajeros por el arte y la poes\u00eda\u00bb con Marina Tapia"},"content":{"rendered":"\n<p>Espect\u00e1culo que intenta acercar la obra de poetas y las pintoras en general, realizando un peque\u00f1o recorrido por el legado de grandes artistas de todas las \u00e9pocas.<\/p>\n\n\n\n<p><strong>D\u00eda<\/strong>: lunes 11 de marzo<\/p>\n\n\n\n<p><strong>Hora<\/strong>: 19:00 h.<\/p>\n\n\n\n<p><strong>Lugar<\/strong>: Teatro de la Casa de la Cultura de C\u00fallar Vega<\/p>\n\n\n\n<p><strong>Entrada<\/strong>: libre hasta completar aforo<\/p>\n\n\n\n<figure class=\"wp-block-image size-large\"><a href=\"https:\/\/cullarvega.com\/casa-cultura\/wp-content\/uploads\/2024\/02\/viajeros-por-el-arte-y-la-poesia.jpeg\"><img fetchpriority=\"high\" decoding=\"async\" width=\"716\" height=\"1024\" src=\"https:\/\/cullarvega.com\/casa-cultura\/wp-content\/uploads\/2024\/02\/viajeros-por-el-arte-y-la-poesia-716x1024.jpeg\" alt=\"\" class=\"wp-image-21542\" srcset=\"https:\/\/cullarvega.com\/casa-cultura\/wp-content\/uploads\/2024\/02\/viajeros-por-el-arte-y-la-poesia-716x1024.jpeg 716w, https:\/\/cullarvega.com\/casa-cultura\/wp-content\/uploads\/2024\/02\/viajeros-por-el-arte-y-la-poesia-210x300.jpeg 210w, https:\/\/cullarvega.com\/casa-cultura\/wp-content\/uploads\/2024\/02\/viajeros-por-el-arte-y-la-poesia-768x1098.jpeg 768w, https:\/\/cullarvega.com\/casa-cultura\/wp-content\/uploads\/2024\/02\/viajeros-por-el-arte-y-la-poesia-1074x1536.jpeg 1074w, https:\/\/cullarvega.com\/casa-cultura\/wp-content\/uploads\/2024\/02\/viajeros-por-el-arte-y-la-poesia-420x600.jpeg 420w, https:\/\/cullarvega.com\/casa-cultura\/wp-content\/uploads\/2024\/02\/viajeros-por-el-arte-y-la-poesia-392x560.jpeg 392w, https:\/\/cullarvega.com\/casa-cultura\/wp-content\/uploads\/2024\/02\/viajeros-por-el-arte-y-la-poesia.jpeg 1119w\" sizes=\"(max-width: 716px) 100vw, 716px\" \/><\/a><\/figure>\n","protected":false},"excerpt":{"rendered":"<p>Espect\u00e1culo que intenta acercar la obra de poetas y las pintoras en general, realizando un peque\u00f1o recorrido por el legado de grandes artistas de todas las \u00e9pocas. D\u00eda: lunes 11 de marzo Hora: 19:00 h. Lugar: Teatro de la Casa de la Cultura de C\u00fallar Vega Entrada: libre hasta completar aforo<\/p>\n","protected":false},"author":1,"featured_media":21542,"comment_status":"closed","ping_status":"open","sticky":false,"template":"","format":"standard","meta":{"footnotes":""},"categories":[175],"tags":[],"class_list":["post-21541","post","type-post","status-publish","format-standard","has-post-thumbnail","hentry","category-teatro"],"_links":{"self":[{"href":"https:\/\/cullarvega.com\/casa-cultura\/wp-json\/wp\/v2\/posts\/21541","targetHints":{"allow":["GET"]}}],"collection":[{"href":"https:\/\/cullarvega.com\/casa-cultura\/wp-json\/wp\/v2\/posts"}],"about":[{"href":"https:\/\/cullarvega.com\/casa-cultura\/wp-json\/wp\/v2\/types\/post"}],"author":[{"embeddable":true,"href":"https:\/\/cullarvega.com\/casa-cultura\/wp-json\/wp\/v2\/users\/1"}],"replies":[{"embeddable":true,"href":"https:\/\/cullarvega.com\/casa-cultura\/wp-json\/wp\/v2\/comments?post=21541"}],"version-history":[{"count":2,"href":"https:\/\/cullarvega.com\/casa-cultura\/wp-json\/wp\/v2\/posts\/21541\/revisions"}],"predecessor-version":[{"id":21546,"href":"https:\/\/cullarvega.com\/casa-cultura\/wp-json\/wp\/v2\/posts\/21541\/revisions\/21546"}],"wp:featuredmedia":[{"embeddable":true,"href":"https:\/\/cullarvega.com\/casa-cultura\/wp-json\/wp\/v2\/media\/21542"}],"wp:attachment":[{"href":"https:\/\/cullarvega.com\/casa-cultura\/wp-json\/wp\/v2\/media?parent=21541"}],"wp:term":[{"taxonomy":"category","embeddable":true,"href":"https:\/\/cullarvega.com\/casa-cultura\/wp-json\/wp\/v2\/categories?post=21541"},{"taxonomy":"post_tag","embeddable":true,"href":"https:\/\/cullarvega.com\/casa-cultura\/wp-json\/wp\/v2\/tags?post=21541"}],"curies":[{"name":"wp","href":"https:\/\/api.w.org\/{rel}","templated":true}]}}