{"id":21513,"date":"2024-02-19T17:29:22","date_gmt":"2024-02-19T16:29:22","guid":{"rendered":"https:\/\/cullarvega.com\/casa-cultura\/?p=21513"},"modified":"2024-02-19T17:29:22","modified_gmt":"2024-02-19T16:29:22","slug":"actos-conmemorativos-dia-de-andalucia-2024","status":"publish","type":"post","link":"https:\/\/cullarvega.com\/casa-cultura\/actos-conmemorativos-dia-de-andalucia-2024\/","title":{"rendered":"Actos Conmemorativos \u00abD\u00eda de Andaluc\u00eda 2024\u00bb"},"content":{"rendered":"\n<p>El martes d\u00eda 27 de Febrero a partir de las 20:00 horas, tendr\u00e1 lugar, en el Teatro de la Casa de la Cultura, los<strong> Actos Conmemorativos del D\u00eda de Andaluc\u00eda<\/strong> <strong>202<\/strong>4 donde se har\u00e1 entrega de reconocimientos a personas y entidades destacadas del municipio.<\/p>\n\n\n\n<p>Los galardonados este a\u00f1o son:<\/p>\n\n\n\n<p>&#8211; <strong>J\u00e9ssica Rob les Mart\u00edn<\/strong>, por su labor como m\u00e9dica de familia en el Centro de Salud de C\u00fallar Vega.<\/p>\n\n\n\n<p>&#8211; <strong>Sonia Ruiz Torralvo,<\/strong> por su trayectoria en el mundo del F\u00fatbol Femenino.<\/p>\n\n\n\n<p>&#8211; <strong>Enrique Ferrer \u00c1lvarez<\/strong>, por sui labor como p\u00e1rroco de nuestro municipio.<\/p>\n\n\n\n<p>&#8211; <strong>Centro de transfusi\u00f3n, Tejidos y C\u00e9lulas de Granada<\/strong>, por su labor social en la provincia de granada y en concreto en C\u00fallar vega.<\/p>\n\n\n\n<p><strong>&#8211; <\/strong>Pescader\u00eda \u00d3scar como empresa con una larga trayectoria en nuestra localidad.<\/p>\n\n\n\n<p>Invitamos a nuestras vecinas y vecinos a asistir al Acto de entrega y posterior concierto de la Banda de M\u00fasica Felipe Moreno.<\/p>\n\n\n\n<figure class=\"wp-block-image size-large\"><a href=\"https:\/\/cullarvega.com\/casa-cultura\/wp-content\/uploads\/2024\/02\/dia-andalucia-2024.jpeg\"><img fetchpriority=\"high\" decoding=\"async\" width=\"724\" height=\"1024\" src=\"https:\/\/cullarvega.com\/casa-cultura\/wp-content\/uploads\/2024\/02\/dia-andalucia-2024-724x1024.jpeg\" alt=\"\" class=\"wp-image-21514\" srcset=\"https:\/\/cullarvega.com\/casa-cultura\/wp-content\/uploads\/2024\/02\/dia-andalucia-2024-724x1024.jpeg 724w, https:\/\/cullarvega.com\/casa-cultura\/wp-content\/uploads\/2024\/02\/dia-andalucia-2024-212x300.jpeg 212w, https:\/\/cullarvega.com\/casa-cultura\/wp-content\/uploads\/2024\/02\/dia-andalucia-2024-768x1086.jpeg 768w, https:\/\/cullarvega.com\/casa-cultura\/wp-content\/uploads\/2024\/02\/dia-andalucia-2024-1086x1536.jpeg 1086w, https:\/\/cullarvega.com\/casa-cultura\/wp-content\/uploads\/2024\/02\/dia-andalucia-2024-424x600.jpeg 424w, https:\/\/cullarvega.com\/casa-cultura\/wp-content\/uploads\/2024\/02\/dia-andalucia-2024-396x560.jpeg 396w, https:\/\/cullarvega.com\/casa-cultura\/wp-content\/uploads\/2024\/02\/dia-andalucia-2024.jpeg 1131w\" sizes=\"(max-width: 724px) 100vw, 724px\" \/><\/a><\/figure>\n","protected":false},"excerpt":{"rendered":"<p>El martes d\u00eda 27 de Febrero a partir de las 20:00 horas, tendr\u00e1 lugar, en el Teatro de la Casa de la Cultura, los Actos Conmemorativos del D\u00eda de Andaluc\u00eda 2024 donde se har\u00e1 entrega de reconocimientos a personas y entidades destacadas del municipio. Los galardonados este a\u00f1o son: &#8211; J\u00e9ssica Rob les Mart\u00edn, por [&hellip;]<\/p>\n","protected":false},"author":1,"featured_media":21514,"comment_status":"closed","ping_status":"open","sticky":false,"template":"","format":"standard","meta":{"footnotes":""},"categories":[175],"tags":[],"class_list":["post-21513","post","type-post","status-publish","format-standard","has-post-thumbnail","hentry","category-teatro"],"_links":{"self":[{"href":"https:\/\/cullarvega.com\/casa-cultura\/wp-json\/wp\/v2\/posts\/21513","targetHints":{"allow":["GET"]}}],"collection":[{"href":"https:\/\/cullarvega.com\/casa-cultura\/wp-json\/wp\/v2\/posts"}],"about":[{"href":"https:\/\/cullarvega.com\/casa-cultura\/wp-json\/wp\/v2\/types\/post"}],"author":[{"embeddable":true,"href":"https:\/\/cullarvega.com\/casa-cultura\/wp-json\/wp\/v2\/users\/1"}],"replies":[{"embeddable":true,"href":"https:\/\/cullarvega.com\/casa-cultura\/wp-json\/wp\/v2\/comments?post=21513"}],"version-history":[{"count":1,"href":"https:\/\/cullarvega.com\/casa-cultura\/wp-json\/wp\/v2\/posts\/21513\/revisions"}],"predecessor-version":[{"id":21515,"href":"https:\/\/cullarvega.com\/casa-cultura\/wp-json\/wp\/v2\/posts\/21513\/revisions\/21515"}],"wp:featuredmedia":[{"embeddable":true,"href":"https:\/\/cullarvega.com\/casa-cultura\/wp-json\/wp\/v2\/media\/21514"}],"wp:attachment":[{"href":"https:\/\/cullarvega.com\/casa-cultura\/wp-json\/wp\/v2\/media?parent=21513"}],"wp:term":[{"taxonomy":"category","embeddable":true,"href":"https:\/\/cullarvega.com\/casa-cultura\/wp-json\/wp\/v2\/categories?post=21513"},{"taxonomy":"post_tag","embeddable":true,"href":"https:\/\/cullarvega.com\/casa-cultura\/wp-json\/wp\/v2\/tags?post=21513"}],"curies":[{"name":"wp","href":"https:\/\/api.w.org\/{rel}","templated":true}]}}