{"id":21508,"date":"2024-02-19T08:54:02","date_gmt":"2024-02-19T07:54:02","guid":{"rendered":"https:\/\/cullarvega.com\/casa-cultura\/?p=21508"},"modified":"2024-02-23T09:21:33","modified_gmt":"2024-02-23T08:21:33","slug":"la-casa-de-la-cultura-de-cullar-vega-acogera-el-9-de-marzo-novena-velada-cofrade","status":"publish","type":"post","link":"https:\/\/cullarvega.com\/casa-cultura\/la-casa-de-la-cultura-de-cullar-vega-acogera-el-9-de-marzo-novena-velada-cofrade\/","title":{"rendered":"La Casa de la Cultura de C\u00fallar Vega acoger\u00e1 el 9 de marzo, la novena Velada Cofrade"},"content":{"rendered":"\n<p>La <strong>m\u00fasica<\/strong> <strong>cofrade<\/strong> volver\u00e1 el s\u00e1bado 9 de marzo a C\u00fallar Vega gracias a la novena edici\u00f3n de la <strong>Velada Cofrade<\/strong>, organizada por la Banda de M\u00fasica \u201cFelipe Moreno\u201d de C\u00fallar Vega y la concejal\u00eda de Cultura del Ayuntamiento.<\/p>\n\n\n\n<p>El acto, que este a\u00f1o estar\u00e1 dedicado a la Cofrad\u00eda de nazarenos de Ntro. Padre Jes\u00fas de la Pasi\u00f3n y Mar\u00eda Stma. de la Estrella de Granada, se celebrar\u00e1 en el teatro de la&nbsp;Casa de la Cultura de C\u00fallar Vega&nbsp;el 9 de marzo&nbsp;a las 20:00 h.<\/p>\n\n\n\n<p>La entrada ser\u00e1 de 2 euros para fines ben\u00e9ficos y tendremos la oportunidad de contar con&nbsp;\u00c1lvaro Ramos Ru\u00edz&nbsp;como presentador y las actuaciones de la&nbsp;Banda Educandos&nbsp;y la&nbsp;Banda Felipe Moreno de C\u00fallar Vega<\/p>\n\n\n\n<figure class=\"wp-block-image size-full\"><a href=\"https:\/\/cullarvega.com\/casa-cultura\/wp-content\/uploads\/2024\/02\/ix-velada-cofrade-9-marzo-2024.png\"><img fetchpriority=\"high\" decoding=\"async\" width=\"724\" height=\"1024\" src=\"https:\/\/cullarvega.com\/casa-cultura\/wp-content\/uploads\/2024\/02\/ix-velada-cofrade-9-marzo-2024.png\" alt=\"\" class=\"wp-image-21509\" srcset=\"https:\/\/cullarvega.com\/casa-cultura\/wp-content\/uploads\/2024\/02\/ix-velada-cofrade-9-marzo-2024.png 724w, https:\/\/cullarvega.com\/casa-cultura\/wp-content\/uploads\/2024\/02\/ix-velada-cofrade-9-marzo-2024-212x300.png 212w, https:\/\/cullarvega.com\/casa-cultura\/wp-content\/uploads\/2024\/02\/ix-velada-cofrade-9-marzo-2024-424x600.png 424w, https:\/\/cullarvega.com\/casa-cultura\/wp-content\/uploads\/2024\/02\/ix-velada-cofrade-9-marzo-2024-396x560.png 396w\" sizes=\"(max-width: 724px) 100vw, 724px\" \/><\/a><\/figure>\n","protected":false},"excerpt":{"rendered":"<p>La m\u00fasica cofrade volver\u00e1 el s\u00e1bado 9 de marzo a C\u00fallar Vega gracias a la novena edici\u00f3n de la Velada Cofrade, organizada por la Banda de M\u00fasica \u201cFelipe Moreno\u201d de C\u00fallar Vega y la concejal\u00eda de Cultura del Ayuntamiento. El acto, que este a\u00f1o estar\u00e1 dedicado a la Cofrad\u00eda de nazarenos de Ntro. Padre Jes\u00fas [&hellip;]<\/p>\n","protected":false},"author":1,"featured_media":21509,"comment_status":"closed","ping_status":"open","sticky":false,"template":"","format":"standard","meta":{"footnotes":""},"categories":[175],"tags":[],"class_list":["post-21508","post","type-post","status-publish","format-standard","has-post-thumbnail","hentry","category-teatro"],"_links":{"self":[{"href":"https:\/\/cullarvega.com\/casa-cultura\/wp-json\/wp\/v2\/posts\/21508","targetHints":{"allow":["GET"]}}],"collection":[{"href":"https:\/\/cullarvega.com\/casa-cultura\/wp-json\/wp\/v2\/posts"}],"about":[{"href":"https:\/\/cullarvega.com\/casa-cultura\/wp-json\/wp\/v2\/types\/post"}],"author":[{"embeddable":true,"href":"https:\/\/cullarvega.com\/casa-cultura\/wp-json\/wp\/v2\/users\/1"}],"replies":[{"embeddable":true,"href":"https:\/\/cullarvega.com\/casa-cultura\/wp-json\/wp\/v2\/comments?post=21508"}],"version-history":[{"count":2,"href":"https:\/\/cullarvega.com\/casa-cultura\/wp-json\/wp\/v2\/posts\/21508\/revisions"}],"predecessor-version":[{"id":21524,"href":"https:\/\/cullarvega.com\/casa-cultura\/wp-json\/wp\/v2\/posts\/21508\/revisions\/21524"}],"wp:featuredmedia":[{"embeddable":true,"href":"https:\/\/cullarvega.com\/casa-cultura\/wp-json\/wp\/v2\/media\/21509"}],"wp:attachment":[{"href":"https:\/\/cullarvega.com\/casa-cultura\/wp-json\/wp\/v2\/media?parent=21508"}],"wp:term":[{"taxonomy":"category","embeddable":true,"href":"https:\/\/cullarvega.com\/casa-cultura\/wp-json\/wp\/v2\/categories?post=21508"},{"taxonomy":"post_tag","embeddable":true,"href":"https:\/\/cullarvega.com\/casa-cultura\/wp-json\/wp\/v2\/tags?post=21508"}],"curies":[{"name":"wp","href":"https:\/\/api.w.org\/{rel}","templated":true}]}}