{"id":21502,"date":"2024-02-16T08:23:51","date_gmt":"2024-02-16T07:23:51","guid":{"rendered":"https:\/\/cullarvega.com\/casa-cultura\/?p=21502"},"modified":"2024-02-16T08:23:51","modified_gmt":"2024-02-16T07:23:51","slug":"la-copla-y-el-salero-baile-y-copla-el-domingo-3-de-marzo","status":"publish","type":"post","link":"https:\/\/cullarvega.com\/casa-cultura\/la-copla-y-el-salero-baile-y-copla-el-domingo-3-de-marzo\/","title":{"rendered":"\u00abLa copla y el Salero\u00bb baile y copla el domingo 3 de marzo"},"content":{"rendered":"\n<p>El domingo 3 de marzo podremos disfrutar de <strong>\u00abLA COPLA Y EL SALERO\u00bb<\/strong> con la actuaci\u00f3n de las alumnas de la <strong>Escuela<\/strong> de <strong>Baile<\/strong> <strong>Azabache<\/strong> de Mamen Mole\u00f3n y <strong>Paco<\/strong> <strong>Vega<\/strong>, <strong>Juana<\/strong> <strong>Mesa<\/strong> y <strong>Francisco<\/strong> <strong>Conde<\/strong> a  la copla.<\/p>\n\n\n\n<p>El espect\u00e1culo comenzar\u00e1 a las 18:30 h del domingo 3 de marzo en el Teatro de la Casa de la Cultura. Precio de la entrada: 3 euros.<\/p>\n\n\n\n<figure class=\"wp-block-image size-large\"><a href=\"https:\/\/cullarvega.com\/casa-cultura\/wp-content\/uploads\/2024\/02\/la-copla-y-el-salero.jpeg\"><img fetchpriority=\"high\" decoding=\"async\" width=\"717\" height=\"1024\" src=\"https:\/\/cullarvega.com\/casa-cultura\/wp-content\/uploads\/2024\/02\/la-copla-y-el-salero-717x1024.jpeg\" alt=\"\" class=\"wp-image-21503\" srcset=\"https:\/\/cullarvega.com\/casa-cultura\/wp-content\/uploads\/2024\/02\/la-copla-y-el-salero-717x1024.jpeg 717w, https:\/\/cullarvega.com\/casa-cultura\/wp-content\/uploads\/2024\/02\/la-copla-y-el-salero-210x300.jpeg 210w, https:\/\/cullarvega.com\/casa-cultura\/wp-content\/uploads\/2024\/02\/la-copla-y-el-salero-768x1097.jpeg 768w, https:\/\/cullarvega.com\/casa-cultura\/wp-content\/uploads\/2024\/02\/la-copla-y-el-salero-1075x1536.jpeg 1075w, https:\/\/cullarvega.com\/casa-cultura\/wp-content\/uploads\/2024\/02\/la-copla-y-el-salero-420x600.jpeg 420w, https:\/\/cullarvega.com\/casa-cultura\/wp-content\/uploads\/2024\/02\/la-copla-y-el-salero-392x560.jpeg 392w, https:\/\/cullarvega.com\/casa-cultura\/wp-content\/uploads\/2024\/02\/la-copla-y-el-salero.jpeg 1120w\" sizes=\"(max-width: 717px) 100vw, 717px\" \/><\/a><\/figure>\n","protected":false},"excerpt":{"rendered":"<p>El domingo 3 de marzo podremos disfrutar de \u00abLA COPLA Y EL SALERO\u00bb con la actuaci\u00f3n de las alumnas de la Escuela de Baile Azabache de Mamen Mole\u00f3n y Paco Vega, Juana Mesa y Francisco Conde a la copla. El espect\u00e1culo comenzar\u00e1 a las 18:30 h del domingo 3 de marzo en el Teatro de [&hellip;]<\/p>\n","protected":false},"author":1,"featured_media":21503,"comment_status":"closed","ping_status":"open","sticky":false,"template":"","format":"standard","meta":{"footnotes":""},"categories":[175],"tags":[],"class_list":["post-21502","post","type-post","status-publish","format-standard","has-post-thumbnail","hentry","category-teatro"],"_links":{"self":[{"href":"https:\/\/cullarvega.com\/casa-cultura\/wp-json\/wp\/v2\/posts\/21502","targetHints":{"allow":["GET"]}}],"collection":[{"href":"https:\/\/cullarvega.com\/casa-cultura\/wp-json\/wp\/v2\/posts"}],"about":[{"href":"https:\/\/cullarvega.com\/casa-cultura\/wp-json\/wp\/v2\/types\/post"}],"author":[{"embeddable":true,"href":"https:\/\/cullarvega.com\/casa-cultura\/wp-json\/wp\/v2\/users\/1"}],"replies":[{"embeddable":true,"href":"https:\/\/cullarvega.com\/casa-cultura\/wp-json\/wp\/v2\/comments?post=21502"}],"version-history":[{"count":1,"href":"https:\/\/cullarvega.com\/casa-cultura\/wp-json\/wp\/v2\/posts\/21502\/revisions"}],"predecessor-version":[{"id":21504,"href":"https:\/\/cullarvega.com\/casa-cultura\/wp-json\/wp\/v2\/posts\/21502\/revisions\/21504"}],"wp:featuredmedia":[{"embeddable":true,"href":"https:\/\/cullarvega.com\/casa-cultura\/wp-json\/wp\/v2\/media\/21503"}],"wp:attachment":[{"href":"https:\/\/cullarvega.com\/casa-cultura\/wp-json\/wp\/v2\/media?parent=21502"}],"wp:term":[{"taxonomy":"category","embeddable":true,"href":"https:\/\/cullarvega.com\/casa-cultura\/wp-json\/wp\/v2\/categories?post=21502"},{"taxonomy":"post_tag","embeddable":true,"href":"https:\/\/cullarvega.com\/casa-cultura\/wp-json\/wp\/v2\/tags?post=21502"}],"curies":[{"name":"wp","href":"https:\/\/api.w.org\/{rel}","templated":true}]}}