{"id":21496,"date":"2024-02-12T13:41:07","date_gmt":"2024-02-12T12:41:07","guid":{"rendered":"https:\/\/cullarvega.com\/casa-cultura\/?p=21496"},"modified":"2024-02-19T08:37:40","modified_gmt":"2024-02-19T07:37:40","slug":"emprendevega-formacion-a-emprendedors","status":"publish","type":"post","link":"https:\/\/cullarvega.com\/casa-cultura\/emprendevega-formacion-a-emprendedors\/","title":{"rendered":"EmprendeVega &#8211; formaci\u00f3n a emprendedor@s"},"content":{"rendered":"\n<p>Desde el <strong>\u00c1rea de Formaci\u00f3n del Ayuntamiento <\/strong>y en colaboraci\u00f3n con el <strong>Centro Vuela Guadalinfo<\/strong>, se presenta el proyecto <strong>EMPRENDE-VEGA \u00abFormaci\u00f3n para Emprendedor@s\u00bb<\/strong>, un itinerario formativo que pretende <strong>formar <\/strong>y <strong>capacitar<\/strong> a emprendedor@s y\/o empresari@s en el manejo y uso de herramientas de gesti\u00f3n y dise\u00f1o totalmente gratuitas para poner en marcha sus negocios.<\/p>\n\n\n\n<p>Los participantes podr\u00e1n llegar a detectar <strong>nichos<\/strong> y <strong>oportunidades<\/strong> de negocio, crear una <strong>identidad de marca<\/strong>, dise\u00f1ar todo tipo de <strong>publicidad<\/strong>, generar su propia p\u00e1gina <strong>web<\/strong>, gestionar sus <strong>redes sociales<\/strong>, aprender a manejar programas de <strong>ofim\u00e1tica cooperativa<\/strong>, establecer un modo de <strong>comunicaci\u00f3n<\/strong> y consultar y solicitar <strong>ayudas<\/strong> y\/o <strong>subvenciones<\/strong>.<\/p>\n\n\n\n<p>El proyecto va dirigido a<strong> emprendedor@s, empresari@s o desemplead@s<\/strong> que quieran ampliar sus conocimientos en cada materia. <\/p>\n\n\n\n<p>Se abre un periodo de <strong>PREINSCRIPCI\u00d3N <\/strong>desde hoy lunes 12 hasta el 20 de febrero, pasado el cu\u00e1l se organizar\u00e1 una reuni\u00f3n previa con tod@s los inscrit@s para informar de objetivos, metodolog\u00eda, itinerario formativo y poder concretar d\u00edas y horas de la formaci\u00f3n.<\/p>\n\n\n\n<p>Para ampliar <strong>informaci\u00f3n<\/strong> sobre el itinerario formativo: <a href=\"https:\/\/www.cullarvega.com\/emprendevega\" target=\"_blank\" rel=\"noreferrer noopener\">https:\/\/www.cullarvega.com\/emprendevega<\/a><\/p>\n\n\n\n<p>Enlace de <strong>Preinscripci\u00f3n<\/strong>: <a href=\"https:\/\/forms.gle\/Dp4ykgk1mLDgvHAD8\" target=\"_blank\" rel=\"noreferrer noopener\">https:\/\/forms.gle\/Dp4ykgk1mLDgvHAD8<\/a><\/p>\n\n\n\n<p>Para cualquier duda puedes enviar un <strong>mensaje<\/strong> por <strong>Whatsapp<\/strong> al <a href=\"https:\/\/api.whatsapp.com\/send?phone=+683150102&amp;text=Informacion%20EmprendeVega\" data-type=\"link\" data-id=\"https:\/\/api.whatsapp.com\/send?phone=+683150102&amp;text=Informacion%20EmprendeVega\" target=\"_blank\" rel=\"noreferrer noopener\">683150102<\/a> (no llamadas)<\/p>\n\n\n\n<figure class=\"wp-block-image size-large\"><a href=\"https:\/\/cullarvega.com\/casa-cultura\/wp-content\/uploads\/2024\/02\/EMPRENDE-VEGA.jpg\"><img fetchpriority=\"high\" decoding=\"async\" width=\"724\" height=\"1024\" src=\"https:\/\/cullarvega.com\/casa-cultura\/wp-content\/uploads\/2024\/02\/EMPRENDE-VEGA-724x1024.jpg\" alt=\"\" class=\"wp-image-21497\" srcset=\"https:\/\/cullarvega.com\/casa-cultura\/wp-content\/uploads\/2024\/02\/EMPRENDE-VEGA-724x1024.jpg 724w, https:\/\/cullarvega.com\/casa-cultura\/wp-content\/uploads\/2024\/02\/EMPRENDE-VEGA-212x300.jpg 212w, https:\/\/cullarvega.com\/casa-cultura\/wp-content\/uploads\/2024\/02\/EMPRENDE-VEGA-768x1086.jpg 768w, https:\/\/cullarvega.com\/casa-cultura\/wp-content\/uploads\/2024\/02\/EMPRENDE-VEGA-1086x1536.jpg 1086w, https:\/\/cullarvega.com\/casa-cultura\/wp-content\/uploads\/2024\/02\/EMPRENDE-VEGA-424x600.jpg 424w, https:\/\/cullarvega.com\/casa-cultura\/wp-content\/uploads\/2024\/02\/EMPRENDE-VEGA-396x560.jpg 396w, https:\/\/cullarvega.com\/casa-cultura\/wp-content\/uploads\/2024\/02\/EMPRENDE-VEGA.jpg 1414w\" sizes=\"(max-width: 724px) 100vw, 724px\" \/><\/a><\/figure>\n","protected":false},"excerpt":{"rendered":"<p>Desde el \u00c1rea de Formaci\u00f3n del Ayuntamiento y en colaboraci\u00f3n con el Centro Vuela Guadalinfo, se presenta el proyecto EMPRENDE-VEGA \u00abFormaci\u00f3n para Emprendedor@s\u00bb, un itinerario formativo que pretende formar y capacitar a emprendedor@s y\/o empresari@s en el manejo y uso de herramientas de gesti\u00f3n y dise\u00f1o totalmente gratuitas para poner en marcha sus negocios. Los [&hellip;]<\/p>\n","protected":false},"author":1,"featured_media":21497,"comment_status":"closed","ping_status":"open","sticky":false,"template":"","format":"standard","meta":{"footnotes":""},"categories":[43],"tags":[],"class_list":["post-21496","post","type-post","status-publish","format-standard","has-post-thumbnail","hentry","category-punto-vuela"],"_links":{"self":[{"href":"https:\/\/cullarvega.com\/casa-cultura\/wp-json\/wp\/v2\/posts\/21496","targetHints":{"allow":["GET"]}}],"collection":[{"href":"https:\/\/cullarvega.com\/casa-cultura\/wp-json\/wp\/v2\/posts"}],"about":[{"href":"https:\/\/cullarvega.com\/casa-cultura\/wp-json\/wp\/v2\/types\/post"}],"author":[{"embeddable":true,"href":"https:\/\/cullarvega.com\/casa-cultura\/wp-json\/wp\/v2\/users\/1"}],"replies":[{"embeddable":true,"href":"https:\/\/cullarvega.com\/casa-cultura\/wp-json\/wp\/v2\/comments?post=21496"}],"version-history":[{"count":3,"href":"https:\/\/cullarvega.com\/casa-cultura\/wp-json\/wp\/v2\/posts\/21496\/revisions"}],"predecessor-version":[{"id":21507,"href":"https:\/\/cullarvega.com\/casa-cultura\/wp-json\/wp\/v2\/posts\/21496\/revisions\/21507"}],"wp:featuredmedia":[{"embeddable":true,"href":"https:\/\/cullarvega.com\/casa-cultura\/wp-json\/wp\/v2\/media\/21497"}],"wp:attachment":[{"href":"https:\/\/cullarvega.com\/casa-cultura\/wp-json\/wp\/v2\/media?parent=21496"}],"wp:term":[{"taxonomy":"category","embeddable":true,"href":"https:\/\/cullarvega.com\/casa-cultura\/wp-json\/wp\/v2\/categories?post=21496"},{"taxonomy":"post_tag","embeddable":true,"href":"https:\/\/cullarvega.com\/casa-cultura\/wp-json\/wp\/v2\/tags?post=21496"}],"curies":[{"name":"wp","href":"https:\/\/api.w.org\/{rel}","templated":true}]}}