{"id":21490,"date":"2024-02-09T10:04:13","date_gmt":"2024-02-09T09:04:13","guid":{"rendered":"https:\/\/cullarvega.com\/casa-cultura\/?p=21490"},"modified":"2024-02-09T10:04:14","modified_gmt":"2024-02-09T09:04:14","slug":"presentacion-del-libro-imprescindible-de-yolanda-arquero","status":"publish","type":"post","link":"https:\/\/cullarvega.com\/casa-cultura\/presentacion-del-libro-imprescindible-de-yolanda-arquero\/","title":{"rendered":"Presentaci\u00f3n del libro \u00abIMPRESCINDIBLE\u00bb de Yolanda Arquero"},"content":{"rendered":"\n<p>El lunes 26 de febrero a las 18:30 h, tendr\u00e1 lugar la presentaci\u00f3n y firma del libro \u00ab<strong>IMPRESCINDIBLE<\/strong>\u00bb de Yolanda Arquero, un manual para restablecer el equilibro de nuestra salud mental y emocional que incluye 22 audios de apoyo y ejercicios que te llevar\u00e1n a otro nivel.<\/p>\n\n\n\n<p>Tendr\u00e1 lugar en la Biblioteca P\u00fablica de C\u00fallar Vega con entrada gratuita hasta completar aforo.<\/p>\n\n\n\n<figure class=\"wp-block-image size-large\"><a href=\"https:\/\/cullarvega.com\/casa-cultura\/wp-content\/uploads\/2024\/02\/presentacion-firma-imprescindibles-yolanda-arquero.jpeg\"><img fetchpriority=\"high\" decoding=\"async\" width=\"1024\" height=\"1024\" src=\"https:\/\/cullarvega.com\/casa-cultura\/wp-content\/uploads\/2024\/02\/presentacion-firma-imprescindibles-yolanda-arquero-1024x1024.jpeg\" alt=\"\" class=\"wp-image-21491\" srcset=\"https:\/\/cullarvega.com\/casa-cultura\/wp-content\/uploads\/2024\/02\/presentacion-firma-imprescindibles-yolanda-arquero-1024x1024.jpeg 1024w, https:\/\/cullarvega.com\/casa-cultura\/wp-content\/uploads\/2024\/02\/presentacion-firma-imprescindibles-yolanda-arquero-300x300.jpeg 300w, https:\/\/cullarvega.com\/casa-cultura\/wp-content\/uploads\/2024\/02\/presentacion-firma-imprescindibles-yolanda-arquero-150x150.jpeg 150w, https:\/\/cullarvega.com\/casa-cultura\/wp-content\/uploads\/2024\/02\/presentacion-firma-imprescindibles-yolanda-arquero-768x768.jpeg 768w, https:\/\/cullarvega.com\/casa-cultura\/wp-content\/uploads\/2024\/02\/presentacion-firma-imprescindibles-yolanda-arquero-600x600.jpeg 600w, https:\/\/cullarvega.com\/casa-cultura\/wp-content\/uploads\/2024\/02\/presentacion-firma-imprescindibles-yolanda-arquero-560x560.jpeg 560w, https:\/\/cullarvega.com\/casa-cultura\/wp-content\/uploads\/2024\/02\/presentacion-firma-imprescindibles-yolanda-arquero.jpeg 1200w\" sizes=\"(max-width: 1024px) 100vw, 1024px\" \/><\/a><\/figure>\n","protected":false},"excerpt":{"rendered":"<p>El lunes 26 de febrero a las 18:30 h, tendr\u00e1 lugar la presentaci\u00f3n y firma del libro \u00abIMPRESCINDIBLE\u00bb de Yolanda Arquero, un manual para restablecer el equilibro de nuestra salud mental y emocional que incluye 22 audios de apoyo y ejercicios que te llevar\u00e1n a otro nivel. Tendr\u00e1 lugar en la Biblioteca P\u00fablica de C\u00fallar [&hellip;]<\/p>\n","protected":false},"author":1,"featured_media":21491,"comment_status":"closed","ping_status":"open","sticky":false,"template":"","format":"standard","meta":{"footnotes":""},"categories":[41],"tags":[],"class_list":["post-21490","post","type-post","status-publish","format-standard","has-post-thumbnail","hentry","category-biblioteca"],"_links":{"self":[{"href":"https:\/\/cullarvega.com\/casa-cultura\/wp-json\/wp\/v2\/posts\/21490","targetHints":{"allow":["GET"]}}],"collection":[{"href":"https:\/\/cullarvega.com\/casa-cultura\/wp-json\/wp\/v2\/posts"}],"about":[{"href":"https:\/\/cullarvega.com\/casa-cultura\/wp-json\/wp\/v2\/types\/post"}],"author":[{"embeddable":true,"href":"https:\/\/cullarvega.com\/casa-cultura\/wp-json\/wp\/v2\/users\/1"}],"replies":[{"embeddable":true,"href":"https:\/\/cullarvega.com\/casa-cultura\/wp-json\/wp\/v2\/comments?post=21490"}],"version-history":[{"count":1,"href":"https:\/\/cullarvega.com\/casa-cultura\/wp-json\/wp\/v2\/posts\/21490\/revisions"}],"predecessor-version":[{"id":21492,"href":"https:\/\/cullarvega.com\/casa-cultura\/wp-json\/wp\/v2\/posts\/21490\/revisions\/21492"}],"wp:featuredmedia":[{"embeddable":true,"href":"https:\/\/cullarvega.com\/casa-cultura\/wp-json\/wp\/v2\/media\/21491"}],"wp:attachment":[{"href":"https:\/\/cullarvega.com\/casa-cultura\/wp-json\/wp\/v2\/media?parent=21490"}],"wp:term":[{"taxonomy":"category","embeddable":true,"href":"https:\/\/cullarvega.com\/casa-cultura\/wp-json\/wp\/v2\/categories?post=21490"},{"taxonomy":"post_tag","embeddable":true,"href":"https:\/\/cullarvega.com\/casa-cultura\/wp-json\/wp\/v2\/tags?post=21490"}],"curies":[{"name":"wp","href":"https:\/\/api.w.org\/{rel}","templated":true}]}}