{"id":21477,"date":"2024-01-30T19:30:07","date_gmt":"2024-01-30T18:30:07","guid":{"rendered":"https:\/\/cullarvega.com\/casa-cultura\/?p=21477"},"modified":"2024-01-30T19:30:08","modified_gmt":"2024-01-30T18:30:08","slug":"exposicion-primer-concurso-escolar-de-maquetas-interactivas-sobre-el-cultivo-del-tabaco","status":"publish","type":"post","link":"https:\/\/cullarvega.com\/casa-cultura\/exposicion-primer-concurso-escolar-de-maquetas-interactivas-sobre-el-cultivo-del-tabaco\/","title":{"rendered":"Exposici\u00f3n primer concurso escolar de maquetas interactivas sobre el cultivo del Tabaco"},"content":{"rendered":"\n<p>Ven, aprende y vota las maquetas realizadas en el primer concurso escolar sobre el <strong>cultivo del tabaco y su legado en C\u00fallar Vega.<\/strong><\/p>\n\n\n\n<p>Del 29 de enero al 4 de febrero, podr\u00e1s ver y votar las maquetas interactivas realizadas por escolares del Colegio Francisco Ayala en el vest\u00edbulo del Teatro de la Casa de la Cultura.<\/p>\n\n\n\n<figure class=\"wp-block-image size-large\"><a href=\"https:\/\/cullarvega.com\/casa-cultura\/wp-content\/uploads\/2024\/01\/exposicion-I-concurso-maquetas-secaderos.jpeg\"><img fetchpriority=\"high\" decoding=\"async\" width=\"1024\" height=\"716\" src=\"https:\/\/cullarvega.com\/casa-cultura\/wp-content\/uploads\/2024\/01\/exposicion-I-concurso-maquetas-secaderos-1024x716.jpeg\" alt=\"\" class=\"wp-image-21478\" srcset=\"https:\/\/cullarvega.com\/casa-cultura\/wp-content\/uploads\/2024\/01\/exposicion-I-concurso-maquetas-secaderos-1024x716.jpeg 1024w, https:\/\/cullarvega.com\/casa-cultura\/wp-content\/uploads\/2024\/01\/exposicion-I-concurso-maquetas-secaderos-300x210.jpeg 300w, https:\/\/cullarvega.com\/casa-cultura\/wp-content\/uploads\/2024\/01\/exposicion-I-concurso-maquetas-secaderos-768x537.jpeg 768w, https:\/\/cullarvega.com\/casa-cultura\/wp-content\/uploads\/2024\/01\/exposicion-I-concurso-maquetas-secaderos-1536x1074.jpeg 1536w, https:\/\/cullarvega.com\/casa-cultura\/wp-content\/uploads\/2024\/01\/exposicion-I-concurso-maquetas-secaderos-600x420.jpeg 600w, https:\/\/cullarvega.com\/casa-cultura\/wp-content\/uploads\/2024\/01\/exposicion-I-concurso-maquetas-secaderos-560x392.jpeg 560w, https:\/\/cullarvega.com\/casa-cultura\/wp-content\/uploads\/2024\/01\/exposicion-I-concurso-maquetas-secaderos.jpeg 1600w\" sizes=\"(max-width: 1024px) 100vw, 1024px\" \/><\/a><\/figure>\n","protected":false},"excerpt":{"rendered":"<p>Ven, aprende y vota las maquetas realizadas en el primer concurso escolar sobre el cultivo del tabaco y su legado en C\u00fallar Vega. Del 29 de enero al 4 de febrero, podr\u00e1s ver y votar las maquetas interactivas realizadas por escolares del Colegio Francisco Ayala en el vest\u00edbulo del Teatro de la Casa de la [&hellip;]<\/p>\n","protected":false},"author":1,"featured_media":21478,"comment_status":"closed","ping_status":"open","sticky":false,"template":"","format":"standard","meta":{"footnotes":""},"categories":[175],"tags":[],"class_list":["post-21477","post","type-post","status-publish","format-standard","has-post-thumbnail","hentry","category-teatro"],"_links":{"self":[{"href":"https:\/\/cullarvega.com\/casa-cultura\/wp-json\/wp\/v2\/posts\/21477","targetHints":{"allow":["GET"]}}],"collection":[{"href":"https:\/\/cullarvega.com\/casa-cultura\/wp-json\/wp\/v2\/posts"}],"about":[{"href":"https:\/\/cullarvega.com\/casa-cultura\/wp-json\/wp\/v2\/types\/post"}],"author":[{"embeddable":true,"href":"https:\/\/cullarvega.com\/casa-cultura\/wp-json\/wp\/v2\/users\/1"}],"replies":[{"embeddable":true,"href":"https:\/\/cullarvega.com\/casa-cultura\/wp-json\/wp\/v2\/comments?post=21477"}],"version-history":[{"count":1,"href":"https:\/\/cullarvega.com\/casa-cultura\/wp-json\/wp\/v2\/posts\/21477\/revisions"}],"predecessor-version":[{"id":21479,"href":"https:\/\/cullarvega.com\/casa-cultura\/wp-json\/wp\/v2\/posts\/21477\/revisions\/21479"}],"wp:featuredmedia":[{"embeddable":true,"href":"https:\/\/cullarvega.com\/casa-cultura\/wp-json\/wp\/v2\/media\/21478"}],"wp:attachment":[{"href":"https:\/\/cullarvega.com\/casa-cultura\/wp-json\/wp\/v2\/media?parent=21477"}],"wp:term":[{"taxonomy":"category","embeddable":true,"href":"https:\/\/cullarvega.com\/casa-cultura\/wp-json\/wp\/v2\/categories?post=21477"},{"taxonomy":"post_tag","embeddable":true,"href":"https:\/\/cullarvega.com\/casa-cultura\/wp-json\/wp\/v2\/tags?post=21477"}],"curies":[{"name":"wp","href":"https:\/\/api.w.org\/{rel}","templated":true}]}}