{"id":21465,"date":"2024-01-16T19:07:27","date_gmt":"2024-01-16T18:07:27","guid":{"rendered":"https:\/\/cullarvega.com\/casa-cultura\/?p=21465"},"modified":"2024-01-16T19:07:44","modified_gmt":"2024-01-16T18:07:44","slug":"raices-culturales-charla-sobre-el-cultivo-del-tabaco-y-su-legado-en-cullar-vega","status":"publish","type":"post","link":"https:\/\/cullarvega.com\/casa-cultura\/raices-culturales-charla-sobre-el-cultivo-del-tabaco-y-su-legado-en-cullar-vega\/","title":{"rendered":"\u00abRa\u00edces Culturales\u00bb charla sobre el cultivo del tabaco y su legado en C\u00fallar Vega"},"content":{"rendered":"\n<p>El viernes 19 de enero a las 17:30 h., tendr\u00e1 lugar una charla sobre el cultivo del tabaco y su legado en C\u00fallar Vega con la intervenci\u00f3n de Jorge S\u00e1nchez Cabrera, Manuel L\u00f3pez Rivas, Daniel Mart\u00ednez Molina, Angie Castell\u00f3n Valderrama, Mari Carmen Pecete y Jos\u00e9 L\u00f3pez Segura.<\/p>\n\n\n\n<p>Entrada libre hasta completar aforo en el Teatro de la Casa de la Cultura de C\u00fallar Vega a las 17:30 h.<\/p>\n\n\n\n<figure class=\"wp-block-image size-large\"><a href=\"https:\/\/cullarvega.com\/casa-cultura\/wp-content\/uploads\/2024\/01\/raices-culturales.jpeg\"><img fetchpriority=\"high\" decoding=\"async\" width=\"716\" height=\"1024\" src=\"https:\/\/cullarvega.com\/casa-cultura\/wp-content\/uploads\/2024\/01\/raices-culturales-716x1024.jpeg\" alt=\"\" class=\"wp-image-21466\" srcset=\"https:\/\/cullarvega.com\/casa-cultura\/wp-content\/uploads\/2024\/01\/raices-culturales-716x1024.jpeg 716w, https:\/\/cullarvega.com\/casa-cultura\/wp-content\/uploads\/2024\/01\/raices-culturales-210x300.jpeg 210w, https:\/\/cullarvega.com\/casa-cultura\/wp-content\/uploads\/2024\/01\/raices-culturales-768x1098.jpeg 768w, https:\/\/cullarvega.com\/casa-cultura\/wp-content\/uploads\/2024\/01\/raices-culturales-1074x1536.jpeg 1074w, https:\/\/cullarvega.com\/casa-cultura\/wp-content\/uploads\/2024\/01\/raices-culturales-420x600.jpeg 420w, https:\/\/cullarvega.com\/casa-cultura\/wp-content\/uploads\/2024\/01\/raices-culturales-392x560.jpeg 392w, https:\/\/cullarvega.com\/casa-cultura\/wp-content\/uploads\/2024\/01\/raices-culturales.jpeg 1119w\" sizes=\"(max-width: 716px) 100vw, 716px\" \/><\/a><\/figure>\n","protected":false},"excerpt":{"rendered":"<p>El viernes 19 de enero a las 17:30 h., tendr\u00e1 lugar una charla sobre el cultivo del tabaco y su legado en C\u00fallar Vega con la intervenci\u00f3n de Jorge S\u00e1nchez Cabrera, Manuel L\u00f3pez Rivas, Daniel Mart\u00ednez Molina, Angie Castell\u00f3n Valderrama, Mari Carmen Pecete y Jos\u00e9 L\u00f3pez Segura. Entrada libre hasta completar aforo en el Teatro [&hellip;]<\/p>\n","protected":false},"author":1,"featured_media":21466,"comment_status":"closed","ping_status":"open","sticky":false,"template":"","format":"standard","meta":{"footnotes":""},"categories":[175],"tags":[],"class_list":["post-21465","post","type-post","status-publish","format-standard","has-post-thumbnail","hentry","category-teatro"],"_links":{"self":[{"href":"https:\/\/cullarvega.com\/casa-cultura\/wp-json\/wp\/v2\/posts\/21465","targetHints":{"allow":["GET"]}}],"collection":[{"href":"https:\/\/cullarvega.com\/casa-cultura\/wp-json\/wp\/v2\/posts"}],"about":[{"href":"https:\/\/cullarvega.com\/casa-cultura\/wp-json\/wp\/v2\/types\/post"}],"author":[{"embeddable":true,"href":"https:\/\/cullarvega.com\/casa-cultura\/wp-json\/wp\/v2\/users\/1"}],"replies":[{"embeddable":true,"href":"https:\/\/cullarvega.com\/casa-cultura\/wp-json\/wp\/v2\/comments?post=21465"}],"version-history":[{"count":1,"href":"https:\/\/cullarvega.com\/casa-cultura\/wp-json\/wp\/v2\/posts\/21465\/revisions"}],"predecessor-version":[{"id":21467,"href":"https:\/\/cullarvega.com\/casa-cultura\/wp-json\/wp\/v2\/posts\/21465\/revisions\/21467"}],"wp:featuredmedia":[{"embeddable":true,"href":"https:\/\/cullarvega.com\/casa-cultura\/wp-json\/wp\/v2\/media\/21466"}],"wp:attachment":[{"href":"https:\/\/cullarvega.com\/casa-cultura\/wp-json\/wp\/v2\/media?parent=21465"}],"wp:term":[{"taxonomy":"category","embeddable":true,"href":"https:\/\/cullarvega.com\/casa-cultura\/wp-json\/wp\/v2\/categories?post=21465"},{"taxonomy":"post_tag","embeddable":true,"href":"https:\/\/cullarvega.com\/casa-cultura\/wp-json\/wp\/v2\/tags?post=21465"}],"curies":[{"name":"wp","href":"https:\/\/api.w.org\/{rel}","templated":true}]}}