{"id":21454,"date":"2024-01-15T17:51:05","date_gmt":"2024-01-15T16:51:05","guid":{"rendered":"https:\/\/cullarvega.com\/casa-cultura\/?p=21454"},"modified":"2024-01-15T17:51:06","modified_gmt":"2024-01-15T16:51:06","slug":"educar-con-conciencia-primer-trimestre-de-2024","status":"publish","type":"post","link":"https:\/\/cullarvega.com\/casa-cultura\/educar-con-conciencia-primer-trimestre-de-2024\/","title":{"rendered":"\u00abEducar con conciencia\u00bb primer trimestre de 2024"},"content":{"rendered":"\n<p>El camino de la maternidad y la paternidad est\u00e1 lleno de retos y dudas: por eso es importante educar con conciencia. En estos talleres aprenderemos a acompa\u00f1ar a los hij@s desde el bienestar emocional teniendo claro qu\u00e9 valores queremos trasladarles.<\/p>\n\n\n\n<p><strong>FECHAS<\/strong>:<\/p>\n\n\n\n<p>&#8211; 23 de enero (martes) ma\u00f1ana a las 09:30 h | tarde a las 17:00 h<\/p>\n\n\n\n<p>&#8211; 13 de febrero (martes) ma\u00f1ana a las 09:30 h | tarde a las 17:00 h<\/p>\n\n\n\n<p>&#8211; 19 de marzo (martes) ma\u00f1ana a las 09:30 h | tarde a las 17:00 h<\/p>\n\n\n\n<p><strong>LUGAR<\/strong>: Casa de la Cultura de C\u00fallar Vega<\/p>\n\n\n\n<p><strong>INFORMACI\u00d3N<\/strong>: 627 41 76 02 \/ 958 57 40 07<\/p>\n\n\n\n<p><\/p>\n\n\n\n<figure class=\"wp-block-image size-large\"><a href=\"https:\/\/cullarvega.com\/casa-cultura\/wp-content\/uploads\/2024\/01\/educacr-conciencia-1er-t-2024.jpeg\"><img fetchpriority=\"high\" decoding=\"async\" width=\"724\" height=\"1024\" src=\"https:\/\/cullarvega.com\/casa-cultura\/wp-content\/uploads\/2024\/01\/educacr-conciencia-1er-t-2024-724x1024.jpeg\" alt=\"\" class=\"wp-image-21455\" srcset=\"https:\/\/cullarvega.com\/casa-cultura\/wp-content\/uploads\/2024\/01\/educacr-conciencia-1er-t-2024-724x1024.jpeg 724w, https:\/\/cullarvega.com\/casa-cultura\/wp-content\/uploads\/2024\/01\/educacr-conciencia-1er-t-2024-212x300.jpeg 212w, https:\/\/cullarvega.com\/casa-cultura\/wp-content\/uploads\/2024\/01\/educacr-conciencia-1er-t-2024-768x1086.jpeg 768w, https:\/\/cullarvega.com\/casa-cultura\/wp-content\/uploads\/2024\/01\/educacr-conciencia-1er-t-2024-1086x1536.jpeg 1086w, https:\/\/cullarvega.com\/casa-cultura\/wp-content\/uploads\/2024\/01\/educacr-conciencia-1er-t-2024-424x600.jpeg 424w, https:\/\/cullarvega.com\/casa-cultura\/wp-content\/uploads\/2024\/01\/educacr-conciencia-1er-t-2024-396x560.jpeg 396w, https:\/\/cullarvega.com\/casa-cultura\/wp-content\/uploads\/2024\/01\/educacr-conciencia-1er-t-2024.jpeg 1131w\" sizes=\"(max-width: 724px) 100vw, 724px\" \/><\/a><\/figure>\n","protected":false},"excerpt":{"rendered":"<p>El camino de la maternidad y la paternidad est\u00e1 lleno de retos y dudas: por eso es importante educar con conciencia. En estos talleres aprenderemos a acompa\u00f1ar a los hij@s desde el bienestar emocional teniendo claro qu\u00e9 valores queremos trasladarles. FECHAS: &#8211; 23 de enero (martes) ma\u00f1ana a las 09:30 h | tarde a las [&hellip;]<\/p>\n","protected":false},"author":1,"featured_media":21455,"comment_status":"closed","ping_status":"open","sticky":false,"template":"","format":"standard","meta":{"footnotes":""},"categories":[118],"tags":[],"class_list":["post-21454","post","type-post","status-publish","format-standard","has-post-thumbnail","hentry","category-sala-exposiciones"],"_links":{"self":[{"href":"https:\/\/cullarvega.com\/casa-cultura\/wp-json\/wp\/v2\/posts\/21454","targetHints":{"allow":["GET"]}}],"collection":[{"href":"https:\/\/cullarvega.com\/casa-cultura\/wp-json\/wp\/v2\/posts"}],"about":[{"href":"https:\/\/cullarvega.com\/casa-cultura\/wp-json\/wp\/v2\/types\/post"}],"author":[{"embeddable":true,"href":"https:\/\/cullarvega.com\/casa-cultura\/wp-json\/wp\/v2\/users\/1"}],"replies":[{"embeddable":true,"href":"https:\/\/cullarvega.com\/casa-cultura\/wp-json\/wp\/v2\/comments?post=21454"}],"version-history":[{"count":1,"href":"https:\/\/cullarvega.com\/casa-cultura\/wp-json\/wp\/v2\/posts\/21454\/revisions"}],"predecessor-version":[{"id":21456,"href":"https:\/\/cullarvega.com\/casa-cultura\/wp-json\/wp\/v2\/posts\/21454\/revisions\/21456"}],"wp:featuredmedia":[{"embeddable":true,"href":"https:\/\/cullarvega.com\/casa-cultura\/wp-json\/wp\/v2\/media\/21455"}],"wp:attachment":[{"href":"https:\/\/cullarvega.com\/casa-cultura\/wp-json\/wp\/v2\/media?parent=21454"}],"wp:term":[{"taxonomy":"category","embeddable":true,"href":"https:\/\/cullarvega.com\/casa-cultura\/wp-json\/wp\/v2\/categories?post=21454"},{"taxonomy":"post_tag","embeddable":true,"href":"https:\/\/cullarvega.com\/casa-cultura\/wp-json\/wp\/v2\/tags?post=21454"}],"curies":[{"name":"wp","href":"https:\/\/api.w.org\/{rel}","templated":true}]}}