{"id":21436,"date":"2024-01-14T09:32:04","date_gmt":"2024-01-14T08:32:04","guid":{"rendered":"https:\/\/cullarvega.com\/casa-cultura\/?p=21436"},"modified":"2024-01-13T09:34:03","modified_gmt":"2024-01-13T08:34:03","slug":"talleres-de-uso-de-sedes-electronicas-de-administraciones-publicas","status":"publish","type":"post","link":"https:\/\/cullarvega.com\/casa-cultura\/talleres-de-uso-de-sedes-electronicas-de-administraciones-publicas\/","title":{"rendered":"Talleres de uso de SEDES ELECTR\u00d3NICAS de Administraciones P\u00fablicas"},"content":{"rendered":"\n<p>En las pr\u00f3ximas semanas se van a organizar diferentes talleres gratuitos para aprender a usar <strong>Sedes<\/strong> <strong>Electr\u00f3nicas<\/strong> de <strong>Administraciones<\/strong> <strong>P\u00fablicas<\/strong> como la Seguridad Social, Sede Electr\u00f3nica de Ayuntamientos locales, Carpeta Ciudadana, DGT, Agencia Tributaria, Catastro, etc&#8230;<\/p>\n\n\n\n<p>Tendr\u00e1n lugar en el <strong>Centro Vuela Guadalinfo de C\u00fallar Vega <\/strong>(Paseo Jer\u00f3nimo de Rueda S\/N &#8211; Casa de la Cultura)<\/p>\n\n\n\n<p>Para m\u00e1s informaci\u00f3n de <strong>D\u00cdAS<\/strong>, <strong>HORA<\/strong> e <strong>INSCRIPCI\u00d3N<\/strong> solo ten\u00e9is que pulsar en el siguiente enlace <strong><a href=\"https:\/\/forms.gle\/FYNEEgnB4nptZuFS8\" target=\"_blank\" rel=\"noreferrer noopener\">https:\/\/forms.gle\/FYNEEgnB4nptZuFS8<\/a><\/strong><\/p>\n\n\n\n<figure class=\"wp-block-image size-large\"><a href=\"https:\/\/cullarvega.com\/casa-cultura\/wp-content\/uploads\/2024\/01\/taller-sedes-electronicas.png\"><img fetchpriority=\"high\" decoding=\"async\" width=\"724\" height=\"1024\" src=\"https:\/\/cullarvega.com\/casa-cultura\/wp-content\/uploads\/2024\/01\/taller-sedes-electronicas-724x1024.png\" alt=\"\" class=\"wp-image-21438\" srcset=\"https:\/\/cullarvega.com\/casa-cultura\/wp-content\/uploads\/2024\/01\/taller-sedes-electronicas-724x1024.png 724w, https:\/\/cullarvega.com\/casa-cultura\/wp-content\/uploads\/2024\/01\/taller-sedes-electronicas-212x300.png 212w, https:\/\/cullarvega.com\/casa-cultura\/wp-content\/uploads\/2024\/01\/taller-sedes-electronicas-768x1086.png 768w, https:\/\/cullarvega.com\/casa-cultura\/wp-content\/uploads\/2024\/01\/taller-sedes-electronicas-1086x1536.png 1086w, https:\/\/cullarvega.com\/casa-cultura\/wp-content\/uploads\/2024\/01\/taller-sedes-electronicas-424x600.png 424w, https:\/\/cullarvega.com\/casa-cultura\/wp-content\/uploads\/2024\/01\/taller-sedes-electronicas-396x560.png 396w, https:\/\/cullarvega.com\/casa-cultura\/wp-content\/uploads\/2024\/01\/taller-sedes-electronicas.png 1414w\" sizes=\"(max-width: 724px) 100vw, 724px\" \/><\/a><\/figure>\n","protected":false},"excerpt":{"rendered":"<p>En las pr\u00f3ximas semanas se van a organizar diferentes talleres gratuitos para aprender a usar Sedes Electr\u00f3nicas de Administraciones P\u00fablicas como la Seguridad Social, Sede Electr\u00f3nica de Ayuntamientos locales, Carpeta Ciudadana, DGT, Agencia Tributaria, Catastro, etc&#8230; Tendr\u00e1n lugar en el Centro Vuela Guadalinfo de C\u00fallar Vega (Paseo Jer\u00f3nimo de Rueda S\/N &#8211; Casa de la [&hellip;]<\/p>\n","protected":false},"author":1,"featured_media":21438,"comment_status":"closed","ping_status":"open","sticky":false,"template":"","format":"standard","meta":{"footnotes":""},"categories":[43],"tags":[],"class_list":["post-21436","post","type-post","status-publish","format-standard","has-post-thumbnail","hentry","category-punto-vuela"],"_links":{"self":[{"href":"https:\/\/cullarvega.com\/casa-cultura\/wp-json\/wp\/v2\/posts\/21436","targetHints":{"allow":["GET"]}}],"collection":[{"href":"https:\/\/cullarvega.com\/casa-cultura\/wp-json\/wp\/v2\/posts"}],"about":[{"href":"https:\/\/cullarvega.com\/casa-cultura\/wp-json\/wp\/v2\/types\/post"}],"author":[{"embeddable":true,"href":"https:\/\/cullarvega.com\/casa-cultura\/wp-json\/wp\/v2\/users\/1"}],"replies":[{"embeddable":true,"href":"https:\/\/cullarvega.com\/casa-cultura\/wp-json\/wp\/v2\/comments?post=21436"}],"version-history":[{"count":2,"href":"https:\/\/cullarvega.com\/casa-cultura\/wp-json\/wp\/v2\/posts\/21436\/revisions"}],"predecessor-version":[{"id":21439,"href":"https:\/\/cullarvega.com\/casa-cultura\/wp-json\/wp\/v2\/posts\/21436\/revisions\/21439"}],"wp:featuredmedia":[{"embeddable":true,"href":"https:\/\/cullarvega.com\/casa-cultura\/wp-json\/wp\/v2\/media\/21438"}],"wp:attachment":[{"href":"https:\/\/cullarvega.com\/casa-cultura\/wp-json\/wp\/v2\/media?parent=21436"}],"wp:term":[{"taxonomy":"category","embeddable":true,"href":"https:\/\/cullarvega.com\/casa-cultura\/wp-json\/wp\/v2\/categories?post=21436"},{"taxonomy":"post_tag","embeddable":true,"href":"https:\/\/cullarvega.com\/casa-cultura\/wp-json\/wp\/v2\/tags?post=21436"}],"curies":[{"name":"wp","href":"https:\/\/api.w.org\/{rel}","templated":true}]}}