{"id":21418,"date":"2024-01-03T11:18:27","date_gmt":"2024-01-03T10:18:27","guid":{"rendered":"https:\/\/cullarvega.com\/casa-cultura\/?p=21418"},"modified":"2024-01-03T11:18:28","modified_gmt":"2024-01-03T10:18:28","slug":"el-viaje-de-mi-vida-el-nuevo-show-de-christian-garcia","status":"publish","type":"post","link":"https:\/\/cullarvega.com\/casa-cultura\/el-viaje-de-mi-vida-el-nuevo-show-de-christian-garcia\/","title":{"rendered":"\u00abEl Viaje de Mi vida\u00bb el nuevo Show de Christian Garc\u00eda"},"content":{"rendered":"\n<p>Vuelve<strong> Christian Garc\u00eda <\/strong>a C\u00fallar Vega con su nuevo espect\u00e1culo \u00ab<strong>El viaje de mi vida<\/strong>\u00ab, donde disfrutar\u00e1s de un mon\u00f3logo hilarante que te llevar\u00e1 a dar la vuelta al mundo sin salir de casa.<\/p>\n\n\n\n<p>Tendr\u00e1 lugar el <strong>s\u00e1bado 13 de enero de 2024 a las 19:00 h<\/strong> en el Teatro de la Casa de la Cultura de C\u00fallar Vega<\/p>\n\n\n\n<p><strong>Venta de entradas en:<\/strong> <a href=\"https:\/\/www.giglon.com\/todos?idEvent=el-viaje-de-mi-vida---christian-garcia---cullar-vega\" target=\"_blank\" rel=\"noreferrer noopener\">https:\/\/www.giglon.com\/todos?idEvent=el-viaje-de-mi-vida&#8212;christian-garcia&#8212;cullar-vega<\/a><\/p>\n\n\n\n<figure class=\"wp-block-image size-large\"><a href=\"https:\/\/cullarvega.com\/casa-cultura\/wp-content\/uploads\/2024\/01\/el-viaje-de-mi-vida-christian-garcia.jpeg\"><img fetchpriority=\"high\" decoding=\"async\" width=\"724\" height=\"1024\" src=\"https:\/\/cullarvega.com\/casa-cultura\/wp-content\/uploads\/2024\/01\/el-viaje-de-mi-vida-christian-garcia-724x1024.jpeg\" alt=\"\" class=\"wp-image-21415\" srcset=\"https:\/\/cullarvega.com\/casa-cultura\/wp-content\/uploads\/2024\/01\/el-viaje-de-mi-vida-christian-garcia-724x1024.jpeg 724w, https:\/\/cullarvega.com\/casa-cultura\/wp-content\/uploads\/2024\/01\/el-viaje-de-mi-vida-christian-garcia-212x300.jpeg 212w, https:\/\/cullarvega.com\/casa-cultura\/wp-content\/uploads\/2024\/01\/el-viaje-de-mi-vida-christian-garcia-768x1086.jpeg 768w, https:\/\/cullarvega.com\/casa-cultura\/wp-content\/uploads\/2024\/01\/el-viaje-de-mi-vida-christian-garcia-1086x1536.jpeg 1086w, https:\/\/cullarvega.com\/casa-cultura\/wp-content\/uploads\/2024\/01\/el-viaje-de-mi-vida-christian-garcia-424x600.jpeg 424w, https:\/\/cullarvega.com\/casa-cultura\/wp-content\/uploads\/2024\/01\/el-viaje-de-mi-vida-christian-garcia-396x560.jpeg 396w, https:\/\/cullarvega.com\/casa-cultura\/wp-content\/uploads\/2024\/01\/el-viaje-de-mi-vida-christian-garcia.jpeg 1131w\" sizes=\"(max-width: 724px) 100vw, 724px\" \/><\/a><\/figure>\n","protected":false},"excerpt":{"rendered":"<p>Vuelve Christian Garc\u00eda a C\u00fallar Vega con su nuevo espect\u00e1culo \u00abEl viaje de mi vida\u00ab, donde disfrutar\u00e1s de un mon\u00f3logo hilarante que te llevar\u00e1 a dar la vuelta al mundo sin salir de casa. Tendr\u00e1 lugar el s\u00e1bado 13 de enero de 2024 a las 19:00 h en el Teatro de la Casa de la [&hellip;]<\/p>\n","protected":false},"author":1,"featured_media":21415,"comment_status":"closed","ping_status":"open","sticky":false,"template":"","format":"standard","meta":{"footnotes":""},"categories":[175],"tags":[],"class_list":["post-21418","post","type-post","status-publish","format-standard","has-post-thumbnail","hentry","category-teatro"],"_links":{"self":[{"href":"https:\/\/cullarvega.com\/casa-cultura\/wp-json\/wp\/v2\/posts\/21418","targetHints":{"allow":["GET"]}}],"collection":[{"href":"https:\/\/cullarvega.com\/casa-cultura\/wp-json\/wp\/v2\/posts"}],"about":[{"href":"https:\/\/cullarvega.com\/casa-cultura\/wp-json\/wp\/v2\/types\/post"}],"author":[{"embeddable":true,"href":"https:\/\/cullarvega.com\/casa-cultura\/wp-json\/wp\/v2\/users\/1"}],"replies":[{"embeddable":true,"href":"https:\/\/cullarvega.com\/casa-cultura\/wp-json\/wp\/v2\/comments?post=21418"}],"version-history":[{"count":1,"href":"https:\/\/cullarvega.com\/casa-cultura\/wp-json\/wp\/v2\/posts\/21418\/revisions"}],"predecessor-version":[{"id":21419,"href":"https:\/\/cullarvega.com\/casa-cultura\/wp-json\/wp\/v2\/posts\/21418\/revisions\/21419"}],"wp:featuredmedia":[{"embeddable":true,"href":"https:\/\/cullarvega.com\/casa-cultura\/wp-json\/wp\/v2\/media\/21415"}],"wp:attachment":[{"href":"https:\/\/cullarvega.com\/casa-cultura\/wp-json\/wp\/v2\/media?parent=21418"}],"wp:term":[{"taxonomy":"category","embeddable":true,"href":"https:\/\/cullarvega.com\/casa-cultura\/wp-json\/wp\/v2\/categories?post=21418"},{"taxonomy":"post_tag","embeddable":true,"href":"https:\/\/cullarvega.com\/casa-cultura\/wp-json\/wp\/v2\/tags?post=21418"}],"curies":[{"name":"wp","href":"https:\/\/api.w.org\/{rel}","templated":true}]}}