{"id":21396,"date":"2023-12-01T10:10:30","date_gmt":"2023-12-01T09:10:30","guid":{"rendered":"https:\/\/cullarvega.com\/casa-cultura\/?p=21396"},"modified":"2023-12-01T10:10:30","modified_gmt":"2023-12-01T09:10:30","slug":"taller-de-aprendizaje-de-la-aplicacion-carpeta-ciudadana","status":"publish","type":"post","link":"https:\/\/cullarvega.com\/casa-cultura\/taller-de-aprendizaje-de-la-aplicacion-carpeta-ciudadana\/","title":{"rendered":"Taller de aprendizaje de la aplicaci\u00f3n Carpeta Ciudadana"},"content":{"rendered":"\n<p>aller gratuito para aprender a usar la aplicaci\u00f3n <strong>CARPETA CIUDADANA<\/strong> desde donde podremos interaccionar con cualquier administraci\u00f3n p\u00fablica de forma accesible, proactiva y personalizada desde cualquier dispositivo.<\/p>\n\n\n\n<p>Se realizar\u00e1n 2 sesiones: martes 12 de diciembre por la tarde y mi\u00e9rcoles 13 de diciembre por la ma\u00f1ana. <\/p>\n\n\n\n<p><strong>Lugar de Impartici\u00f3n<\/strong>: Centro Vuela Guadalinfo de C\u00fallar Vega (683150102)<\/p>\n\n\n\n<p><strong>M\u00e1s informaci\u00f3n e inscripci\u00f3n: <\/strong><a href=\"https:\/\/forms.gle\/PoLZXs8VmrP3vHa6A\" target=\"_blank\" rel=\"noreferrer noopener\"><strong>https:\/\/forms.gle\/PoLZXs8VmrP3vHa6A<\/strong><\/a><\/p>\n\n\n\n<p><\/p>\n","protected":false},"excerpt":{"rendered":"<p>aller gratuito para aprender a usar la aplicaci\u00f3n CARPETA CIUDADANA desde donde podremos interaccionar con cualquier administraci\u00f3n p\u00fablica de forma accesible, proactiva y personalizada desde cualquier dispositivo. Se realizar\u00e1n 2 sesiones: martes 12 de diciembre por la tarde y mi\u00e9rcoles 13 de diciembre por la ma\u00f1ana. Lugar de Impartici\u00f3n: Centro Vuela Guadalinfo de C\u00fallar Vega [&hellip;]<\/p>\n","protected":false},"author":1,"featured_media":21392,"comment_status":"closed","ping_status":"open","sticky":false,"template":"","format":"standard","meta":{"footnotes":""},"categories":[43],"tags":[],"class_list":["post-21396","post","type-post","status-publish","format-standard","has-post-thumbnail","hentry","category-punto-vuela"],"_links":{"self":[{"href":"https:\/\/cullarvega.com\/casa-cultura\/wp-json\/wp\/v2\/posts\/21396","targetHints":{"allow":["GET"]}}],"collection":[{"href":"https:\/\/cullarvega.com\/casa-cultura\/wp-json\/wp\/v2\/posts"}],"about":[{"href":"https:\/\/cullarvega.com\/casa-cultura\/wp-json\/wp\/v2\/types\/post"}],"author":[{"embeddable":true,"href":"https:\/\/cullarvega.com\/casa-cultura\/wp-json\/wp\/v2\/users\/1"}],"replies":[{"embeddable":true,"href":"https:\/\/cullarvega.com\/casa-cultura\/wp-json\/wp\/v2\/comments?post=21396"}],"version-history":[{"count":1,"href":"https:\/\/cullarvega.com\/casa-cultura\/wp-json\/wp\/v2\/posts\/21396\/revisions"}],"predecessor-version":[{"id":21397,"href":"https:\/\/cullarvega.com\/casa-cultura\/wp-json\/wp\/v2\/posts\/21396\/revisions\/21397"}],"wp:featuredmedia":[{"embeddable":true,"href":"https:\/\/cullarvega.com\/casa-cultura\/wp-json\/wp\/v2\/media\/21392"}],"wp:attachment":[{"href":"https:\/\/cullarvega.com\/casa-cultura\/wp-json\/wp\/v2\/media?parent=21396"}],"wp:term":[{"taxonomy":"category","embeddable":true,"href":"https:\/\/cullarvega.com\/casa-cultura\/wp-json\/wp\/v2\/categories?post=21396"},{"taxonomy":"post_tag","embeddable":true,"href":"https:\/\/cullarvega.com\/casa-cultura\/wp-json\/wp\/v2\/tags?post=21396"}],"curies":[{"name":"wp","href":"https:\/\/api.w.org\/{rel}","templated":true}]}}