{"id":21383,"date":"2023-12-05T10:00:00","date_gmt":"2023-12-05T09:00:00","guid":{"rendered":"https:\/\/cullarvega.com\/casa-cultura\/?p=21383"},"modified":"2023-12-01T10:01:05","modified_gmt":"2023-12-01T09:01:05","slug":"gala-de-navidad-de-la-escuela-de-baile-azabache","status":"publish","type":"post","link":"https:\/\/cullarvega.com\/casa-cultura\/gala-de-navidad-de-la-escuela-de-baile-azabache\/","title":{"rendered":"Gala de Navidad de la Escuela de Baile Azabache"},"content":{"rendered":"\n<p>El domingo 17 de diciembre, las flamenquitas de Mamen Mol\u00e9on actuar\u00e1n en la tradicional Gala de Navidad de la Escuela de Baile Azabache.<\/p>\n\n\n\n<p>Tendr\u00e1 lugar a las 18:30 h en la Casa de la Cultura y con los artistas invitados <strong>Paco<\/strong> <strong>Vega<\/strong> y <strong>Juana<\/strong>.<\/p>\n\n\n\n<p>Entrada: 3 \u20ac a la venta en la propia Escuela o en el mismo d\u00eda del festival en la taquilla del teatro.<\/p>\n\n\n\n<figure class=\"wp-block-image size-large\"><a href=\"https:\/\/cullarvega.com\/casa-cultura\/wp-content\/uploads\/2023\/12\/festival-navidad-azabache.jpeg\"><img fetchpriority=\"high\" decoding=\"async\" width=\"716\" height=\"1024\" src=\"https:\/\/cullarvega.com\/casa-cultura\/wp-content\/uploads\/2023\/12\/festival-navidad-azabache-716x1024.jpeg\" alt=\"\" class=\"wp-image-21384\" srcset=\"https:\/\/cullarvega.com\/casa-cultura\/wp-content\/uploads\/2023\/12\/festival-navidad-azabache-716x1024.jpeg 716w, https:\/\/cullarvega.com\/casa-cultura\/wp-content\/uploads\/2023\/12\/festival-navidad-azabache-210x300.jpeg 210w, https:\/\/cullarvega.com\/casa-cultura\/wp-content\/uploads\/2023\/12\/festival-navidad-azabache-768x1098.jpeg 768w, https:\/\/cullarvega.com\/casa-cultura\/wp-content\/uploads\/2023\/12\/festival-navidad-azabache-1074x1536.jpeg 1074w, https:\/\/cullarvega.com\/casa-cultura\/wp-content\/uploads\/2023\/12\/festival-navidad-azabache-420x600.jpeg 420w, https:\/\/cullarvega.com\/casa-cultura\/wp-content\/uploads\/2023\/12\/festival-navidad-azabache-392x560.jpeg 392w, https:\/\/cullarvega.com\/casa-cultura\/wp-content\/uploads\/2023\/12\/festival-navidad-azabache.jpeg 1119w\" sizes=\"(max-width: 716px) 100vw, 716px\" \/><\/a><\/figure>\n","protected":false},"excerpt":{"rendered":"<p>El domingo 17 de diciembre, las flamenquitas de Mamen Mol\u00e9on actuar\u00e1n en la tradicional Gala de Navidad de la Escuela de Baile Azabache. Tendr\u00e1 lugar a las 18:30 h en la Casa de la Cultura y con los artistas invitados Paco Vega y Juana. Entrada: 3 \u20ac a la venta en la propia Escuela o [&hellip;]<\/p>\n","protected":false},"author":1,"featured_media":21384,"comment_status":"closed","ping_status":"open","sticky":false,"template":"","format":"standard","meta":{"footnotes":""},"categories":[175],"tags":[],"class_list":["post-21383","post","type-post","status-publish","format-standard","has-post-thumbnail","hentry","category-teatro"],"_links":{"self":[{"href":"https:\/\/cullarvega.com\/casa-cultura\/wp-json\/wp\/v2\/posts\/21383","targetHints":{"allow":["GET"]}}],"collection":[{"href":"https:\/\/cullarvega.com\/casa-cultura\/wp-json\/wp\/v2\/posts"}],"about":[{"href":"https:\/\/cullarvega.com\/casa-cultura\/wp-json\/wp\/v2\/types\/post"}],"author":[{"embeddable":true,"href":"https:\/\/cullarvega.com\/casa-cultura\/wp-json\/wp\/v2\/users\/1"}],"replies":[{"embeddable":true,"href":"https:\/\/cullarvega.com\/casa-cultura\/wp-json\/wp\/v2\/comments?post=21383"}],"version-history":[{"count":1,"href":"https:\/\/cullarvega.com\/casa-cultura\/wp-json\/wp\/v2\/posts\/21383\/revisions"}],"predecessor-version":[{"id":21385,"href":"https:\/\/cullarvega.com\/casa-cultura\/wp-json\/wp\/v2\/posts\/21383\/revisions\/21385"}],"wp:featuredmedia":[{"embeddable":true,"href":"https:\/\/cullarvega.com\/casa-cultura\/wp-json\/wp\/v2\/media\/21384"}],"wp:attachment":[{"href":"https:\/\/cullarvega.com\/casa-cultura\/wp-json\/wp\/v2\/media?parent=21383"}],"wp:term":[{"taxonomy":"category","embeddable":true,"href":"https:\/\/cullarvega.com\/casa-cultura\/wp-json\/wp\/v2\/categories?post=21383"},{"taxonomy":"post_tag","embeddable":true,"href":"https:\/\/cullarvega.com\/casa-cultura\/wp-json\/wp\/v2\/tags?post=21383"}],"curies":[{"name":"wp","href":"https:\/\/api.w.org\/{rel}","templated":true}]}}