{"id":21374,"date":"2023-11-28T16:02:18","date_gmt":"2023-11-28T15:02:18","guid":{"rendered":"https:\/\/cullarvega.com\/casa-cultura\/?p=21374"},"modified":"2023-11-28T16:02:19","modified_gmt":"2023-11-28T15:02:19","slug":"christmas-camp-ludoteca-navidena-2023-2024","status":"publish","type":"post","link":"https:\/\/cullarvega.com\/casa-cultura\/christmas-camp-ludoteca-navidena-2023-2024\/","title":{"rendered":"\u00abChristmas Camp\u00bb ludoteca navide\u00f1a 2023-2024"},"content":{"rendered":"\n<p><div id=\"wrapper\" class=\"full_width_wrapper page_title_bgr custom_bgr responsive \"><div class=\"content_body\"><div class=\"post-23180 post type-post status-publish format-standard has-post-thumbnail hentry category-navidad\" id=\"post-23180\"><div class=\"container\"><div class=\"section\"><div class=\"post_content col span_3_of_4\"><div class=\"section\"><div class=\"post_description\"><p>Del <strong>26 al  29 de diciembre de 2023<\/strong> y del<strong> 02 al 05 de enero de 2024<\/strong>, en horarios de <strong>07:30<\/strong> a <strong>15 h<\/strong>. o de <strong>09 a 14 h.,<\/strong>  disfruta estas navidades con juegos, cuentos, diversi\u00f3n, manualidades,  actividades, colchones, bailes, excursiones, pel\u00edculas y mucho m\u00e1s\u2026.<\/p><p>\u00a1No te quedes sin tu plaza!<\/p><p><strong>\u00bfDonde?<\/strong> en la Casa de la Cultura de C\u00fallar Vega<\/p><p><strong>\u00bfComo puedo reservar ?<\/strong> en los tel\u00e9fonos 645 16 21 70, 615 95 00 78 o directamente en el Ayuntamiento.<\/p><p><strong>\u00bfCuanto cuesta? <\/strong>Navidad completa 80 \u20ac | Semana 45 \u20ac | D\u00eda suelo 12 \u20ac | Aula matinal 8\u20ac<\/p><\/div><\/div><\/div><\/div><\/div><\/div><\/div><\/div> <\/p>\n","protected":false},"excerpt":{"rendered":"<p>Del 26 al 29 de diciembre de 2023 y del 02 al 05 de enero de 2024, en horarios de 07:30 a 15 h. o de 09 a 14 h., disfruta estas navidades con juegos, cuentos, diversi\u00f3n, manualidades, actividades, colchones, bailes, excursiones, pel\u00edculas y mucho m\u00e1s\u2026. \u00a1No te quedes sin tu plaza! \u00bfDonde? en la [&hellip;]<\/p>\n","protected":false},"author":1,"featured_media":21375,"comment_status":"closed","ping_status":"open","sticky":false,"template":"","format":"standard","meta":{"footnotes":""},"categories":[118],"tags":[],"class_list":["post-21374","post","type-post","status-publish","format-standard","has-post-thumbnail","hentry","category-sala-exposiciones"],"_links":{"self":[{"href":"https:\/\/cullarvega.com\/casa-cultura\/wp-json\/wp\/v2\/posts\/21374","targetHints":{"allow":["GET"]}}],"collection":[{"href":"https:\/\/cullarvega.com\/casa-cultura\/wp-json\/wp\/v2\/posts"}],"about":[{"href":"https:\/\/cullarvega.com\/casa-cultura\/wp-json\/wp\/v2\/types\/post"}],"author":[{"embeddable":true,"href":"https:\/\/cullarvega.com\/casa-cultura\/wp-json\/wp\/v2\/users\/1"}],"replies":[{"embeddable":true,"href":"https:\/\/cullarvega.com\/casa-cultura\/wp-json\/wp\/v2\/comments?post=21374"}],"version-history":[{"count":1,"href":"https:\/\/cullarvega.com\/casa-cultura\/wp-json\/wp\/v2\/posts\/21374\/revisions"}],"predecessor-version":[{"id":21376,"href":"https:\/\/cullarvega.com\/casa-cultura\/wp-json\/wp\/v2\/posts\/21374\/revisions\/21376"}],"wp:featuredmedia":[{"embeddable":true,"href":"https:\/\/cullarvega.com\/casa-cultura\/wp-json\/wp\/v2\/media\/21375"}],"wp:attachment":[{"href":"https:\/\/cullarvega.com\/casa-cultura\/wp-json\/wp\/v2\/media?parent=21374"}],"wp:term":[{"taxonomy":"category","embeddable":true,"href":"https:\/\/cullarvega.com\/casa-cultura\/wp-json\/wp\/v2\/categories?post=21374"},{"taxonomy":"post_tag","embeddable":true,"href":"https:\/\/cullarvega.com\/casa-cultura\/wp-json\/wp\/v2\/tags?post=21374"}],"curies":[{"name":"wp","href":"https:\/\/api.w.org\/{rel}","templated":true}]}}