{"id":21359,"date":"2023-11-07T19:18:57","date_gmt":"2023-11-07T18:18:57","guid":{"rendered":"https:\/\/cullarvega.com\/casa-cultura\/?p=21359"},"modified":"2026-01-28T09:14:20","modified_gmt":"2026-01-28T07:14:20","slug":"pienso-luego-consumo-taller-gratuito-sobre-los-derechos-del-consumidor","status":"publish","type":"post","link":"https:\/\/cullarvega.com\/casa-cultura\/pienso-luego-consumo-taller-gratuito-sobre-los-derechos-del-consumidor\/","title":{"rendered":"\u00abPienso, luego consumo\u00bb taller gratuito sobre los derechos del consumidor"},"content":{"rendered":"\n<p>El mi\u00e9rcoles <strong>15 de noviembre<\/strong> tendr\u00e1 lugar un<strong>taller gratuito<\/strong> que brindar\u00e1 la oportunidad de fortalecer nuestros conocimientos en defensa y protecci\u00f3n de derechos en consumo.<\/p>\n\n\n\n<p>Durante el taller, se abordar\u00e1n temas como el uso de hojas de reclamaciones, la resoluci\u00f3n de conflictos sin costo para el consumidor y los organismos competentes en cada \u00e1rea.<\/p>\n\n\n\n<p>\u00a1No pierdas la oportunidad de conocer tus derechos en suministros, bancos, financieras, seguros y m\u00e1s! Anticiparte a posibles problemas para evitar ser enga\u00f1ado.<\/p>\n\n\n\n<p><strong>Fecha<\/strong>: 15 de noviembre de 2023<\/p>\n\n\n\n<p><strong>Lugar<\/strong>: Centro Vuela <em>GUADALINFO<\/em> de C\u00fallar Vega (Planta Superior \u2b06\ufe0f de la Casa de la Cultura de C\u00fallar Vega <a href=\"https:\/\/g.page\/centroguadalinfocullarvega\">https:\/\/g.page\/centroguadalinfocullarvega<\/a> )<\/p>\n\n\n\n<p>Subvencionado por la Consejer\u00eda de Salud y Consumo de la Junta de Andaluc\u00eda, organizado por FACUA Granada y en colaboraci\u00f3n con el Ayuntamiento de C\u00fallar Vega<\/p>\n\n\n\n<figure class=\"wp-block-image size-large\"><a href=\"https:\/\/cullarvega.com\/casa-cultura\/wp-content\/uploads\/2023\/11\/taller-consumo-facua-cullar-vega.jpg\"><img fetchpriority=\"high\" decoding=\"async\" width=\"576\" height=\"1024\" src=\"https:\/\/cullarvega.com\/casa-cultura\/wp-content\/uploads\/2023\/11\/taller-consumo-facua-cullar-vega-576x1024.jpg\" alt=\"\" class=\"wp-image-21360\" srcset=\"https:\/\/cullarvega.com\/casa-cultura\/wp-content\/uploads\/2023\/11\/taller-consumo-facua-cullar-vega-576x1024.jpg 576w, https:\/\/cullarvega.com\/casa-cultura\/wp-content\/uploads\/2023\/11\/taller-consumo-facua-cullar-vega-169x300.jpg 169w, https:\/\/cullarvega.com\/casa-cultura\/wp-content\/uploads\/2023\/11\/taller-consumo-facua-cullar-vega-768x1365.jpg 768w, https:\/\/cullarvega.com\/casa-cultura\/wp-content\/uploads\/2023\/11\/taller-consumo-facua-cullar-vega-864x1536.jpg 864w, https:\/\/cullarvega.com\/casa-cultura\/wp-content\/uploads\/2023\/11\/taller-consumo-facua-cullar-vega-338x600.jpg 338w, https:\/\/cullarvega.com\/casa-cultura\/wp-content\/uploads\/2023\/11\/taller-consumo-facua-cullar-vega-315x560.jpg 315w, https:\/\/cullarvega.com\/casa-cultura\/wp-content\/uploads\/2023\/11\/taller-consumo-facua-cullar-vega.jpg 1080w\" sizes=\"(max-width: 576px) 100vw, 576px\" \/><\/a><\/figure>\n","protected":false},"excerpt":{"rendered":"<p>El mi\u00e9rcoles 15 de noviembre tendr\u00e1 lugar untaller gratuito que brindar\u00e1 la oportunidad de fortalecer nuestros conocimientos en defensa y protecci\u00f3n de derechos en consumo. Durante el taller, se abordar\u00e1n temas como el uso de hojas de reclamaciones, la resoluci\u00f3n de conflictos sin costo para el consumidor y los organismos competentes en cada \u00e1rea. \u00a1No [&hellip;]<\/p>\n","protected":false},"author":1,"featured_media":21360,"comment_status":"closed","ping_status":"open","sticky":false,"template":"","format":"standard","meta":{"footnotes":""},"categories":[43],"tags":[],"class_list":["post-21359","post","type-post","status-publish","format-standard","has-post-thumbnail","hentry","category-punto-vuela"],"_links":{"self":[{"href":"https:\/\/cullarvega.com\/casa-cultura\/wp-json\/wp\/v2\/posts\/21359","targetHints":{"allow":["GET"]}}],"collection":[{"href":"https:\/\/cullarvega.com\/casa-cultura\/wp-json\/wp\/v2\/posts"}],"about":[{"href":"https:\/\/cullarvega.com\/casa-cultura\/wp-json\/wp\/v2\/types\/post"}],"author":[{"embeddable":true,"href":"https:\/\/cullarvega.com\/casa-cultura\/wp-json\/wp\/v2\/users\/1"}],"replies":[{"embeddable":true,"href":"https:\/\/cullarvega.com\/casa-cultura\/wp-json\/wp\/v2\/comments?post=21359"}],"version-history":[{"count":2,"href":"https:\/\/cullarvega.com\/casa-cultura\/wp-json\/wp\/v2\/posts\/21359\/revisions"}],"predecessor-version":[{"id":22208,"href":"https:\/\/cullarvega.com\/casa-cultura\/wp-json\/wp\/v2\/posts\/21359\/revisions\/22208"}],"wp:featuredmedia":[{"embeddable":true,"href":"https:\/\/cullarvega.com\/casa-cultura\/wp-json\/wp\/v2\/media\/21360"}],"wp:attachment":[{"href":"https:\/\/cullarvega.com\/casa-cultura\/wp-json\/wp\/v2\/media?parent=21359"}],"wp:term":[{"taxonomy":"category","embeddable":true,"href":"https:\/\/cullarvega.com\/casa-cultura\/wp-json\/wp\/v2\/categories?post=21359"},{"taxonomy":"post_tag","embeddable":true,"href":"https:\/\/cullarvega.com\/casa-cultura\/wp-json\/wp\/v2\/tags?post=21359"}],"curies":[{"name":"wp","href":"https:\/\/api.w.org\/{rel}","templated":true}]}}