{"id":21350,"date":"2023-11-07T11:59:52","date_gmt":"2023-11-07T10:59:52","guid":{"rendered":"https:\/\/cullarvega.com\/casa-cultura\/?p=21350"},"modified":"2023-11-07T22:44:11","modified_gmt":"2023-11-07T21:44:11","slug":"la-asociacion-musical-de-cullar-vega-celebra-el-37o-concierto-de-santa-cecilia-el-sabado-18-de-noviembre","status":"publish","type":"post","link":"https:\/\/cullarvega.com\/casa-cultura\/la-asociacion-musical-de-cullar-vega-celebra-el-37o-concierto-de-santa-cecilia-el-sabado-18-de-noviembre\/","title":{"rendered":"La Asociaci\u00f3n Musical de C\u00fallar Vega celebra el 37\u00ba Concierto de Santa Cecilia el s\u00e1bado 18 de noviembre"},"content":{"rendered":"\n<p>El auditorio de la Casa de la Cultura acoger\u00e1 el s\u00e1bado 18 de noviembre a las 20:00 h el<strong> trig\u00e9simo s\u00e9ptimo Concierto <\/strong>en  honor a <strong>Santa Cecilia<\/strong>, patrona de los m\u00fasicos, con las actuaciones del <strong>Coro Barbieri <\/strong>y <strong>Escolan\u00eda <\/strong>de la Asociaci\u00f3n, la <strong>Banda \u00abEducandos\u00bb<\/strong> y la <strong>Banda de M\u00fasica \u201cFelipe Moreno\u201d<\/strong>.<\/p>\n\n\n\n<p><strong>D\u00eda<\/strong>: 18 de Noviembre de 2023<\/p>\n\n\n\n<p><strong>Hora<\/strong>: 20:00 h.<\/p>\n\n\n\n<p><strong>Lugar<\/strong>: Casa de la Cultura de C\u00fallar Vega<\/p>\n\n\n\n<p><strong>Entrada<\/strong>: 3 \u20ac (aportaci\u00f3n solidaria) a la venta a partir del mi\u00e9rcoles 8 de noviembre en la Asociaci\u00f3n Musical (C\/ Pedro Antonio de Alarc\u00f3n 13 de C\u00fallar Vega) en horario de 18 a 20 h. (de lunes a jueves)<\/p>\n\n\n\n<figure class=\"wp-block-image size-large\"><a href=\"https:\/\/cullarvega.com\/casa-cultura\/wp-content\/uploads\/2023\/11\/37-concierto-santa-cecilia.png\"><img fetchpriority=\"high\" decoding=\"async\" width=\"724\" height=\"1024\" src=\"https:\/\/cullarvega.com\/casa-cultura\/wp-content\/uploads\/2023\/11\/37-concierto-santa-cecilia-724x1024.png\" alt=\"\" class=\"wp-image-21351\" srcset=\"https:\/\/cullarvega.com\/casa-cultura\/wp-content\/uploads\/2023\/11\/37-concierto-santa-cecilia-724x1024.png 724w, https:\/\/cullarvega.com\/casa-cultura\/wp-content\/uploads\/2023\/11\/37-concierto-santa-cecilia-212x300.png 212w, https:\/\/cullarvega.com\/casa-cultura\/wp-content\/uploads\/2023\/11\/37-concierto-santa-cecilia-768x1086.png 768w, https:\/\/cullarvega.com\/casa-cultura\/wp-content\/uploads\/2023\/11\/37-concierto-santa-cecilia-1086x1536.png 1086w, https:\/\/cullarvega.com\/casa-cultura\/wp-content\/uploads\/2023\/11\/37-concierto-santa-cecilia-1448x2048.png 1448w, https:\/\/cullarvega.com\/casa-cultura\/wp-content\/uploads\/2023\/11\/37-concierto-santa-cecilia-424x600.png 424w, https:\/\/cullarvega.com\/casa-cultura\/wp-content\/uploads\/2023\/11\/37-concierto-santa-cecilia-396x560.png 396w, https:\/\/cullarvega.com\/casa-cultura\/wp-content\/uploads\/2023\/11\/37-concierto-santa-cecilia.png 1587w\" sizes=\"(max-width: 724px) 100vw, 724px\" \/><\/a><\/figure>\n","protected":false},"excerpt":{"rendered":"<p>El auditorio de la Casa de la Cultura acoger\u00e1 el s\u00e1bado 18 de noviembre a las 20:00 h el trig\u00e9simo s\u00e9ptimo Concierto en honor a Santa Cecilia, patrona de los m\u00fasicos, con las actuaciones del Coro Barbieri y Escolan\u00eda de la Asociaci\u00f3n, la Banda \u00abEducandos\u00bb y la Banda de M\u00fasica \u201cFelipe Moreno\u201d. D\u00eda: 18 de [&hellip;]<\/p>\n","protected":false},"author":1,"featured_media":21351,"comment_status":"closed","ping_status":"open","sticky":false,"template":"","format":"standard","meta":{"footnotes":""},"categories":[175],"tags":[],"class_list":["post-21350","post","type-post","status-publish","format-standard","has-post-thumbnail","hentry","category-teatro"],"_links":{"self":[{"href":"https:\/\/cullarvega.com\/casa-cultura\/wp-json\/wp\/v2\/posts\/21350","targetHints":{"allow":["GET"]}}],"collection":[{"href":"https:\/\/cullarvega.com\/casa-cultura\/wp-json\/wp\/v2\/posts"}],"about":[{"href":"https:\/\/cullarvega.com\/casa-cultura\/wp-json\/wp\/v2\/types\/post"}],"author":[{"embeddable":true,"href":"https:\/\/cullarvega.com\/casa-cultura\/wp-json\/wp\/v2\/users\/1"}],"replies":[{"embeddable":true,"href":"https:\/\/cullarvega.com\/casa-cultura\/wp-json\/wp\/v2\/comments?post=21350"}],"version-history":[{"count":4,"href":"https:\/\/cullarvega.com\/casa-cultura\/wp-json\/wp\/v2\/posts\/21350\/revisions"}],"predecessor-version":[{"id":21365,"href":"https:\/\/cullarvega.com\/casa-cultura\/wp-json\/wp\/v2\/posts\/21350\/revisions\/21365"}],"wp:featuredmedia":[{"embeddable":true,"href":"https:\/\/cullarvega.com\/casa-cultura\/wp-json\/wp\/v2\/media\/21351"}],"wp:attachment":[{"href":"https:\/\/cullarvega.com\/casa-cultura\/wp-json\/wp\/v2\/media?parent=21350"}],"wp:term":[{"taxonomy":"category","embeddable":true,"href":"https:\/\/cullarvega.com\/casa-cultura\/wp-json\/wp\/v2\/categories?post=21350"},{"taxonomy":"post_tag","embeddable":true,"href":"https:\/\/cullarvega.com\/casa-cultura\/wp-json\/wp\/v2\/tags?post=21350"}],"curies":[{"name":"wp","href":"https:\/\/api.w.org\/{rel}","templated":true}]}}