{"id":21339,"date":"2023-10-27T10:09:12","date_gmt":"2023-10-27T09:09:12","guid":{"rendered":"https:\/\/cullarvega.com\/casa-cultura\/?p=21339"},"modified":"2023-10-27T10:09:13","modified_gmt":"2023-10-27T09:09:13","slug":"presentacion-del-libro-pequemiedos","status":"publish","type":"post","link":"https:\/\/cullarvega.com\/casa-cultura\/presentacion-del-libro-pequemiedos\/","title":{"rendered":"Presentaci\u00f3n del Libro \u00abPequemiedos\u00bb"},"content":{"rendered":"\n<p>El viernes 17 de noviembre se presenta el libreo \u00abPEQUEMIEDOS\u00bb de Alicia Fern\u00e1ndez de Amo, a las 19:00 h en la Casa de la Cultura de C\u00fallar Vega<\/p>\n\n\n\n<p>Sinopsis del libro: se trata de reflejar de alguna manera las inquietudes de los ni\u00f1@s ante los fen\u00f3menos que van descubriendo a lo largo de su desarrollo. Son rimas muy divertidas sobre el descubrimiento de su sombra, el temor hacia el Rat\u00f3n P\u00e9rez o la separaci\u00f3n de su biber\u00f3n o su chupete. Las edades a las que van destinadas las rimas abarcan un amplio abanico: ni\u00f1os de Infantil o Primaria, abuelas cuentacuentos, madres, padres y en general a todos aquellos que quieran pasar un rato muy agradable y divertido. Se lo dedico tambi\u00e9n a esas estupendas maestras y maestros que realizan esa gran labor en la edad m\u00e1s tierna.<\/p>\n\n\n\n<figure class=\"wp-block-image size-large\"><a href=\"https:\/\/cullarvega.com\/casa-cultura\/wp-content\/uploads\/2023\/10\/pequemiedos.jpeg\"><img fetchpriority=\"high\" decoding=\"async\" width=\"723\" height=\"1024\" src=\"https:\/\/cullarvega.com\/casa-cultura\/wp-content\/uploads\/2023\/10\/pequemiedos-723x1024.jpeg\" alt=\"\" class=\"wp-image-21340\" srcset=\"https:\/\/cullarvega.com\/casa-cultura\/wp-content\/uploads\/2023\/10\/pequemiedos-723x1024.jpeg 723w, https:\/\/cullarvega.com\/casa-cultura\/wp-content\/uploads\/2023\/10\/pequemiedos-212x300.jpeg 212w, https:\/\/cullarvega.com\/casa-cultura\/wp-content\/uploads\/2023\/10\/pequemiedos-768x1087.jpeg 768w, https:\/\/cullarvega.com\/casa-cultura\/wp-content\/uploads\/2023\/10\/pequemiedos-1085x1536.jpeg 1085w, https:\/\/cullarvega.com\/casa-cultura\/wp-content\/uploads\/2023\/10\/pequemiedos-424x600.jpeg 424w, https:\/\/cullarvega.com\/casa-cultura\/wp-content\/uploads\/2023\/10\/pequemiedos-396x560.jpeg 396w, https:\/\/cullarvega.com\/casa-cultura\/wp-content\/uploads\/2023\/10\/pequemiedos.jpeg 1130w\" sizes=\"(max-width: 723px) 100vw, 723px\" \/><\/a><\/figure>\n","protected":false},"excerpt":{"rendered":"<p>El viernes 17 de noviembre se presenta el libreo \u00abPEQUEMIEDOS\u00bb de Alicia Fern\u00e1ndez de Amo, a las 19:00 h en la Casa de la Cultura de C\u00fallar Vega Sinopsis del libro: se trata de reflejar de alguna manera las inquietudes de los ni\u00f1@s ante los fen\u00f3menos que van descubriendo a lo largo de su desarrollo. [&hellip;]<\/p>\n","protected":false},"author":1,"featured_media":21340,"comment_status":"closed","ping_status":"open","sticky":false,"template":"","format":"standard","meta":{"footnotes":""},"categories":[175],"tags":[],"class_list":["post-21339","post","type-post","status-publish","format-standard","has-post-thumbnail","hentry","category-teatro"],"_links":{"self":[{"href":"https:\/\/cullarvega.com\/casa-cultura\/wp-json\/wp\/v2\/posts\/21339","targetHints":{"allow":["GET"]}}],"collection":[{"href":"https:\/\/cullarvega.com\/casa-cultura\/wp-json\/wp\/v2\/posts"}],"about":[{"href":"https:\/\/cullarvega.com\/casa-cultura\/wp-json\/wp\/v2\/types\/post"}],"author":[{"embeddable":true,"href":"https:\/\/cullarvega.com\/casa-cultura\/wp-json\/wp\/v2\/users\/1"}],"replies":[{"embeddable":true,"href":"https:\/\/cullarvega.com\/casa-cultura\/wp-json\/wp\/v2\/comments?post=21339"}],"version-history":[{"count":1,"href":"https:\/\/cullarvega.com\/casa-cultura\/wp-json\/wp\/v2\/posts\/21339\/revisions"}],"predecessor-version":[{"id":21341,"href":"https:\/\/cullarvega.com\/casa-cultura\/wp-json\/wp\/v2\/posts\/21339\/revisions\/21341"}],"wp:featuredmedia":[{"embeddable":true,"href":"https:\/\/cullarvega.com\/casa-cultura\/wp-json\/wp\/v2\/media\/21340"}],"wp:attachment":[{"href":"https:\/\/cullarvega.com\/casa-cultura\/wp-json\/wp\/v2\/media?parent=21339"}],"wp:term":[{"taxonomy":"category","embeddable":true,"href":"https:\/\/cullarvega.com\/casa-cultura\/wp-json\/wp\/v2\/categories?post=21339"},{"taxonomy":"post_tag","embeddable":true,"href":"https:\/\/cullarvega.com\/casa-cultura\/wp-json\/wp\/v2\/tags?post=21339"}],"curies":[{"name":"wp","href":"https:\/\/api.w.org\/{rel}","templated":true}]}}