{"id":21333,"date":"2023-10-24T07:59:32","date_gmt":"2023-10-24T05:59:32","guid":{"rendered":"https:\/\/cullarvega.com\/casa-cultura\/?p=21333"},"modified":"2023-10-24T07:59:32","modified_gmt":"2023-10-24T05:59:32","slug":"teatro-solidario-por-mi-y-por-todas-mis-companeras","status":"publish","type":"post","link":"https:\/\/cullarvega.com\/casa-cultura\/teatro-solidario-por-mi-y-por-todas-mis-companeras\/","title":{"rendered":"Teatro Solidario \u00abPor m\u00ed y por todas mis compa\u00f1eras\u00bb"},"content":{"rendered":"\n<p>El 4 de noviembre se representar\u00e1 la obra <strong>\u00abPor m\u00ed y por todas mis compa\u00f1eras\u00bb <\/strong>representada por miembros de la <strong>Asociaci\u00f3n de Mujeres en Solidaridad<\/strong> con <strong>Madres Solas \u00abMarisa Send\u00f3n\u00bb<\/strong>.<\/p>\n\n\n\n<p>La obra, escrita y dirigida por <strong>Teresa Villodres y Fuensanta Aguilera, <\/strong>tendr\u00e1 lugar el s\u00e1bado 4 de noviembre a las 20:00 h en el Teatro de la Casa de la Cultura de C\u00fallar Vega y con Entrada Gratuita hasta completar Aforo.<\/p>\n\n\n\n<figure class=\"wp-block-image size-large\"><a href=\"https:\/\/cullarvega.com\/casa-cultura\/wp-content\/uploads\/2023\/10\/teatro-solidario-por-mi-y-por-todas-mis-companeras.jpeg\"><img fetchpriority=\"high\" decoding=\"async\" width=\"687\" height=\"1024\" src=\"https:\/\/cullarvega.com\/casa-cultura\/wp-content\/uploads\/2023\/10\/teatro-solidario-por-mi-y-por-todas-mis-companeras-687x1024.jpeg\" alt=\"\" class=\"wp-image-21334\" srcset=\"https:\/\/cullarvega.com\/casa-cultura\/wp-content\/uploads\/2023\/10\/teatro-solidario-por-mi-y-por-todas-mis-companeras-687x1024.jpeg 687w, https:\/\/cullarvega.com\/casa-cultura\/wp-content\/uploads\/2023\/10\/teatro-solidario-por-mi-y-por-todas-mis-companeras-201x300.jpeg 201w, https:\/\/cullarvega.com\/casa-cultura\/wp-content\/uploads\/2023\/10\/teatro-solidario-por-mi-y-por-todas-mis-companeras-768x1145.jpeg 768w, https:\/\/cullarvega.com\/casa-cultura\/wp-content\/uploads\/2023\/10\/teatro-solidario-por-mi-y-por-todas-mis-companeras-1030x1536.jpeg 1030w, https:\/\/cullarvega.com\/casa-cultura\/wp-content\/uploads\/2023\/10\/teatro-solidario-por-mi-y-por-todas-mis-companeras-402x600.jpeg 402w, https:\/\/cullarvega.com\/casa-cultura\/wp-content\/uploads\/2023\/10\/teatro-solidario-por-mi-y-por-todas-mis-companeras-376x560.jpeg 376w, https:\/\/cullarvega.com\/casa-cultura\/wp-content\/uploads\/2023\/10\/teatro-solidario-por-mi-y-por-todas-mis-companeras.jpeg 1073w\" sizes=\"(max-width: 687px) 100vw, 687px\" \/><\/a><\/figure>\n","protected":false},"excerpt":{"rendered":"<p>El 4 de noviembre se representar\u00e1 la obra \u00abPor m\u00ed y por todas mis compa\u00f1eras\u00bb representada por miembros de la Asociaci\u00f3n de Mujeres en Solidaridad con Madres Solas \u00abMarisa Send\u00f3n\u00bb. La obra, escrita y dirigida por Teresa Villodres y Fuensanta Aguilera, tendr\u00e1 lugar el s\u00e1bado 4 de noviembre a las 20:00 h en el Teatro [&hellip;]<\/p>\n","protected":false},"author":1,"featured_media":21334,"comment_status":"closed","ping_status":"open","sticky":false,"template":"","format":"standard","meta":{"footnotes":""},"categories":[175],"tags":[],"class_list":["post-21333","post","type-post","status-publish","format-standard","has-post-thumbnail","hentry","category-teatro"],"_links":{"self":[{"href":"https:\/\/cullarvega.com\/casa-cultura\/wp-json\/wp\/v2\/posts\/21333","targetHints":{"allow":["GET"]}}],"collection":[{"href":"https:\/\/cullarvega.com\/casa-cultura\/wp-json\/wp\/v2\/posts"}],"about":[{"href":"https:\/\/cullarvega.com\/casa-cultura\/wp-json\/wp\/v2\/types\/post"}],"author":[{"embeddable":true,"href":"https:\/\/cullarvega.com\/casa-cultura\/wp-json\/wp\/v2\/users\/1"}],"replies":[{"embeddable":true,"href":"https:\/\/cullarvega.com\/casa-cultura\/wp-json\/wp\/v2\/comments?post=21333"}],"version-history":[{"count":1,"href":"https:\/\/cullarvega.com\/casa-cultura\/wp-json\/wp\/v2\/posts\/21333\/revisions"}],"predecessor-version":[{"id":21335,"href":"https:\/\/cullarvega.com\/casa-cultura\/wp-json\/wp\/v2\/posts\/21333\/revisions\/21335"}],"wp:featuredmedia":[{"embeddable":true,"href":"https:\/\/cullarvega.com\/casa-cultura\/wp-json\/wp\/v2\/media\/21334"}],"wp:attachment":[{"href":"https:\/\/cullarvega.com\/casa-cultura\/wp-json\/wp\/v2\/media?parent=21333"}],"wp:term":[{"taxonomy":"category","embeddable":true,"href":"https:\/\/cullarvega.com\/casa-cultura\/wp-json\/wp\/v2\/categories?post=21333"},{"taxonomy":"post_tag","embeddable":true,"href":"https:\/\/cullarvega.com\/casa-cultura\/wp-json\/wp\/v2\/tags?post=21333"}],"curies":[{"name":"wp","href":"https:\/\/api.w.org\/{rel}","templated":true}]}}