{"id":21322,"date":"2023-10-23T08:53:32","date_gmt":"2023-10-23T06:53:32","guid":{"rendered":"https:\/\/cullarvega.com\/casa-cultura\/?p=21322"},"modified":"2023-10-23T08:53:33","modified_gmt":"2023-10-23T06:53:33","slug":"enlace-flamenco-y-cancion-espanola-con-ivan-centenillo-pepi-diaz-y-victor-segovia","status":"publish","type":"post","link":"https:\/\/cullarvega.com\/casa-cultura\/enlace-flamenco-y-cancion-espanola-con-ivan-centenillo-pepi-diaz-y-victor-segovia\/","title":{"rendered":"Enlace Flamenco y Canci\u00f3n Espa\u00f1ola con Iv\u00e1n Centenillo, Pepi D\u00edaz y V\u00edctor Segovia."},"content":{"rendered":"\n<p>El s\u00e1bado 11 de noviembre disfruta del mejor flamenco y canci\u00f3n espa\u00f1ola con <strong>Iv\u00e1n<\/strong> <strong>Centenillo<\/strong>, <strong>Pepi<\/strong> <strong>D\u00edaz<\/strong>, <strong>V\u00edctor<\/strong> <strong>Segovia<\/strong> como artista invitado y presentado por <strong>Rosa<\/strong> <strong>de<\/strong> <strong>C\u00f3rdoba<\/strong>.<\/p>\n\n\n\n<p>Entrada 10 euros ya a la venta en el Ayuntamiento en horario de 9\u00b430 a 14\u00b400 horas o en taquilla una hora antes del comienzo de la Gala.<\/p>\n\n\n\n<p>Organizado por la Asociaci\u00f3n \u00abILUSI\u00d3N A LOS 60, S\u00cd\u00bb y colabora el Ayuntamiento de C\u00fallar Vega (Concejal\u00eda de Cultura).<\/p>\n\n\n\n<p>D\u00eda: S\u00e1bado 11 de noviembre<\/p>\n\n\n\n<p>Hora: 20:00 h.<\/p>\n\n\n\n<p>Lugar: Casa de la Cultura de C\u00fallar Vega<\/p>\n","protected":false},"excerpt":{"rendered":"<p>El s\u00e1bado 11 de noviembre disfruta del mejor flamenco y canci\u00f3n espa\u00f1ola con Iv\u00e1n Centenillo, Pepi D\u00edaz, V\u00edctor Segovia como artista invitado y presentado por Rosa de C\u00f3rdoba. Entrada 10 euros ya a la venta en el Ayuntamiento en horario de 9\u00b430 a 14\u00b400 horas o en taquilla una hora antes del comienzo de la [&hellip;]<\/p>\n","protected":false},"author":1,"featured_media":21323,"comment_status":"closed","ping_status":"open","sticky":false,"template":"","format":"standard","meta":{"footnotes":""},"categories":[175],"tags":[],"class_list":["post-21322","post","type-post","status-publish","format-standard","has-post-thumbnail","hentry","category-teatro"],"_links":{"self":[{"href":"https:\/\/cullarvega.com\/casa-cultura\/wp-json\/wp\/v2\/posts\/21322","targetHints":{"allow":["GET"]}}],"collection":[{"href":"https:\/\/cullarvega.com\/casa-cultura\/wp-json\/wp\/v2\/posts"}],"about":[{"href":"https:\/\/cullarvega.com\/casa-cultura\/wp-json\/wp\/v2\/types\/post"}],"author":[{"embeddable":true,"href":"https:\/\/cullarvega.com\/casa-cultura\/wp-json\/wp\/v2\/users\/1"}],"replies":[{"embeddable":true,"href":"https:\/\/cullarvega.com\/casa-cultura\/wp-json\/wp\/v2\/comments?post=21322"}],"version-history":[{"count":1,"href":"https:\/\/cullarvega.com\/casa-cultura\/wp-json\/wp\/v2\/posts\/21322\/revisions"}],"predecessor-version":[{"id":21324,"href":"https:\/\/cullarvega.com\/casa-cultura\/wp-json\/wp\/v2\/posts\/21322\/revisions\/21324"}],"wp:featuredmedia":[{"embeddable":true,"href":"https:\/\/cullarvega.com\/casa-cultura\/wp-json\/wp\/v2\/media\/21323"}],"wp:attachment":[{"href":"https:\/\/cullarvega.com\/casa-cultura\/wp-json\/wp\/v2\/media?parent=21322"}],"wp:term":[{"taxonomy":"category","embeddable":true,"href":"https:\/\/cullarvega.com\/casa-cultura\/wp-json\/wp\/v2\/categories?post=21322"},{"taxonomy":"post_tag","embeddable":true,"href":"https:\/\/cullarvega.com\/casa-cultura\/wp-json\/wp\/v2\/tags?post=21322"}],"curies":[{"name":"wp","href":"https:\/\/api.w.org\/{rel}","templated":true}]}}