{"id":21309,"date":"2023-10-18T16:45:19","date_gmt":"2023-10-18T14:45:19","guid":{"rendered":"https:\/\/cullarvega.com\/casa-cultura\/?p=21309"},"modified":"2023-10-18T16:45:20","modified_gmt":"2023-10-18T14:45:20","slug":"vuelve-educar-con-conciencia-para-el-curso-2023-2024","status":"publish","type":"post","link":"https:\/\/cullarvega.com\/casa-cultura\/vuelve-educar-con-conciencia-para-el-curso-2023-2024\/","title":{"rendered":"Vuelve \u00abEducar con conciencia\u00bb para el curso 2023\/2024"},"content":{"rendered":"\n<p>El camino de la maternidad y la paternidad est\u00e1 lleno de retos y dudas: por eso es importante educar con conciencia. En estos talleres aprenderemos a acompa\u00f1ar a los hij@s desde el bienestar emocional teniendo claro qu\u00e9 valores queremos trasladarles.<\/p>\n\n\n\n<p><strong>FECHAS<\/strong>:<\/p>\n\n\n\n<p>&#8211; 24 de octubre (martes) ma\u00f1ana a las 09:30 h | tarde a las 17:00 h<\/p>\n\n\n\n<p>&#8211; 21 de noviembre (martes) ma\u00f1ana a las 09:30 h<\/p>\n\n\n\n<p>&#8211; 12 de diciembre (martes) ma\u00f1ana a las 09:30 h | tarde a las 17:00 h<\/p>\n\n\n\n<p><strong>LUGAR<\/strong>: Casa de la Cultura de C\u00fallar Vega<\/p>\n\n\n\n<p><strong>INFORMACI\u00d3N<\/strong>: 627 41 76 02 \/ 958 57 40 07<\/p>\n","protected":false},"excerpt":{"rendered":"<p>El camino de la maternidad y la paternidad est\u00e1 lleno de retos y dudas: por eso es importante educar con conciencia. En estos talleres aprenderemos a acompa\u00f1ar a los hij@s desde el bienestar emocional teniendo claro qu\u00e9 valores queremos trasladarles. FECHAS: &#8211; 24 de octubre (martes) ma\u00f1ana a las 09:30 h | tarde a las [&hellip;]<\/p>\n","protected":false},"author":1,"featured_media":21310,"comment_status":"closed","ping_status":"open","sticky":false,"template":"","format":"standard","meta":{"footnotes":""},"categories":[176],"tags":[],"class_list":["post-21309","post","type-post","status-publish","format-standard","has-post-thumbnail","hentry","category-formacion"],"_links":{"self":[{"href":"https:\/\/cullarvega.com\/casa-cultura\/wp-json\/wp\/v2\/posts\/21309","targetHints":{"allow":["GET"]}}],"collection":[{"href":"https:\/\/cullarvega.com\/casa-cultura\/wp-json\/wp\/v2\/posts"}],"about":[{"href":"https:\/\/cullarvega.com\/casa-cultura\/wp-json\/wp\/v2\/types\/post"}],"author":[{"embeddable":true,"href":"https:\/\/cullarvega.com\/casa-cultura\/wp-json\/wp\/v2\/users\/1"}],"replies":[{"embeddable":true,"href":"https:\/\/cullarvega.com\/casa-cultura\/wp-json\/wp\/v2\/comments?post=21309"}],"version-history":[{"count":1,"href":"https:\/\/cullarvega.com\/casa-cultura\/wp-json\/wp\/v2\/posts\/21309\/revisions"}],"predecessor-version":[{"id":21311,"href":"https:\/\/cullarvega.com\/casa-cultura\/wp-json\/wp\/v2\/posts\/21309\/revisions\/21311"}],"wp:featuredmedia":[{"embeddable":true,"href":"https:\/\/cullarvega.com\/casa-cultura\/wp-json\/wp\/v2\/media\/21310"}],"wp:attachment":[{"href":"https:\/\/cullarvega.com\/casa-cultura\/wp-json\/wp\/v2\/media?parent=21309"}],"wp:term":[{"taxonomy":"category","embeddable":true,"href":"https:\/\/cullarvega.com\/casa-cultura\/wp-json\/wp\/v2\/categories?post=21309"},{"taxonomy":"post_tag","embeddable":true,"href":"https:\/\/cullarvega.com\/casa-cultura\/wp-json\/wp\/v2\/tags?post=21309"}],"curies":[{"name":"wp","href":"https:\/\/api.w.org\/{rel}","templated":true}]}}