{"id":21292,"date":"2023-10-02T10:30:22","date_gmt":"2023-10-02T08:30:22","guid":{"rendered":"https:\/\/cullarvega.com\/casa-cultura\/?p=21292"},"modified":"2023-10-02T10:30:23","modified_gmt":"2023-10-02T08:30:23","slug":"jornada-sobre-mejora-energetica-en-hogares-recursos-disponibles","status":"publish","type":"post","link":"https:\/\/cullarvega.com\/casa-cultura\/jornada-sobre-mejora-energetica-en-hogares-recursos-disponibles\/","title":{"rendered":"Jornada sobre \u00abMejora Energ\u00e9tica en Hogares \u2013 Recursos Disponibles\u00bb"},"content":{"rendered":"\n<p><div id=\"wrapper\" class=\"full_width_wrapper page_title_bgr custom_bgr responsive \"><div class=\"content_body\"><div class=\"post-22682 post type-post status-publish format-standard has-post-thumbnail hentry category-ayudassubvenciones category-guadalinfo category-medio-ambiente\" id=\"post-22682\"><div class=\"container\"><div class=\"section\"><div class=\"post_content col span_3_of_4\"><div class=\"section\"><div class=\"post_description\"><p>El pr\u00f3ximo 17 de octubre se desarrollar\u00e1 una Jornada organizada por  Diputaci\u00f3n de Granada y el Ayuntamiento de C\u00fallar Vega en el que se  hablar\u00e1 de medidas de mejora energ\u00e9tica en los hogares y las ayudas  disponibles.<\/p><p>Tendr\u00e1 lugar en el<strong> Centro Vuela Guadalinfo de C\u00fallar Vega<\/strong> (Casa de la Cultura <a rel=\"noreferrer noopener\" href=\"https:\/\/maps.app.goo.gl\/vRyVWwZtnX2E76257\" target=\"_blank\">https:\/\/maps.app.goo.gl\/vRyVWwZtnX2E76257<\/a>) el <strong>martes 17 de octubre<\/strong> a las <strong>19:00 h<\/strong> y sin inscripci\u00f3n previa.<\/p><\/div><\/div><\/div><\/div><\/div><\/div><\/div><\/div> <\/p>\n","protected":false},"excerpt":{"rendered":"<p>El pr\u00f3ximo 17 de octubre se desarrollar\u00e1 una Jornada organizada por Diputaci\u00f3n de Granada y el Ayuntamiento de C\u00fallar Vega en el que se hablar\u00e1 de medidas de mejora energ\u00e9tica en los hogares y las ayudas disponibles. Tendr\u00e1 lugar en el Centro Vuela Guadalinfo de C\u00fallar Vega (Casa de la Cultura https:\/\/maps.app.goo.gl\/vRyVWwZtnX2E76257) el martes 17 [&hellip;]<\/p>\n","protected":false},"author":1,"featured_media":21290,"comment_status":"closed","ping_status":"open","sticky":false,"template":"","format":"standard","meta":{"footnotes":""},"categories":[43],"tags":[],"class_list":["post-21292","post","type-post","status-publish","format-standard","has-post-thumbnail","hentry","category-punto-vuela"],"_links":{"self":[{"href":"https:\/\/cullarvega.com\/casa-cultura\/wp-json\/wp\/v2\/posts\/21292","targetHints":{"allow":["GET"]}}],"collection":[{"href":"https:\/\/cullarvega.com\/casa-cultura\/wp-json\/wp\/v2\/posts"}],"about":[{"href":"https:\/\/cullarvega.com\/casa-cultura\/wp-json\/wp\/v2\/types\/post"}],"author":[{"embeddable":true,"href":"https:\/\/cullarvega.com\/casa-cultura\/wp-json\/wp\/v2\/users\/1"}],"replies":[{"embeddable":true,"href":"https:\/\/cullarvega.com\/casa-cultura\/wp-json\/wp\/v2\/comments?post=21292"}],"version-history":[{"count":1,"href":"https:\/\/cullarvega.com\/casa-cultura\/wp-json\/wp\/v2\/posts\/21292\/revisions"}],"predecessor-version":[{"id":21293,"href":"https:\/\/cullarvega.com\/casa-cultura\/wp-json\/wp\/v2\/posts\/21292\/revisions\/21293"}],"wp:featuredmedia":[{"embeddable":true,"href":"https:\/\/cullarvega.com\/casa-cultura\/wp-json\/wp\/v2\/media\/21290"}],"wp:attachment":[{"href":"https:\/\/cullarvega.com\/casa-cultura\/wp-json\/wp\/v2\/media?parent=21292"}],"wp:term":[{"taxonomy":"category","embeddable":true,"href":"https:\/\/cullarvega.com\/casa-cultura\/wp-json\/wp\/v2\/categories?post=21292"},{"taxonomy":"post_tag","embeddable":true,"href":"https:\/\/cullarvega.com\/casa-cultura\/wp-json\/wp\/v2\/tags?post=21292"}],"curies":[{"name":"wp","href":"https:\/\/api.w.org\/{rel}","templated":true}]}}