{"id":21272,"date":"2023-09-27T10:45:04","date_gmt":"2023-09-27T08:45:04","guid":{"rendered":"https:\/\/cullarvega.com\/casa-cultura\/?p=21272"},"modified":"2026-01-28T09:14:16","modified_gmt":"2026-01-28T07:14:16","slug":"talleres-libres-de-mecanografia-para-jovenes-de-8-a-16-anos","status":"publish","type":"post","link":"https:\/\/cullarvega.com\/casa-cultura\/talleres-libres-de-mecanografia-para-jovenes-de-8-a-16-anos\/","title":{"rendered":"Talleres Libres de Mecanograf\u00eda para j\u00f3venes de 8 a 16 a\u00f1os"},"content":{"rendered":"\n<p>En el Centro Vuela Guadalinfo de C\u00fallar Vega se ofrece la posibilidad de realizar <strong>ejercicios libres<\/strong> de <strong>mecanograf\u00eda<\/strong> con la supervisi\u00f3n del Agente de Innovaci\u00f3n, gracias a un programa que se adapta a cualquier edad y caracter\u00edstica con ejercicios individuales. Va dirigido a j\u00f3venes de entre 8 y 16 a\u00f1os de edad.<\/p>\n\n\n\n<p>El <strong>objetivo<\/strong> de estos ejercicios son: mejorar la <strong>agilidad<\/strong> <strong>motriz<\/strong> de las manos; potenciar la <strong>agilidad mental<\/strong> al tener que estar concentrados realizando los ejercicios; aumentar la<strong> productividad<\/strong> de las tareas a realizar con un ordenador y adquirir el <strong>h\u00e1bito<\/strong> <strong>correcto<\/strong> para tener m\u00e1s precisi\u00f3n y velocidad en la escritura.<\/p>\n\n\n\n<p>La semana que viene tendr\u00e1 lugar<strong> 3 sesiones informativas <\/strong>en los siguientes d\u00edas y horas: <\/p>\n\n\n\n<p>&#8211; martes 3 de octubre<\/p>\n\n\n\n<p>&#8211; mi\u00e9rcoles 4 de octubre<\/p>\n\n\n\n<p>&#8211; jueves 5 de octubre<\/p>\n\n\n\n<p>En la reuni\u00f3n se informar\u00e1 del funcionamiento del programa, se hablar\u00e1 de los ejercicios y horarios establecidos. Se puede asistir a cualquiera de esos d\u00edas<strong> SIEMPRE PREVIA INSCRIPCI\u00d3N ONLINE<\/strong> a trav\u00e9s del siguiente enlace: <a href=\"https:\/\/forms.gle\/V8y1wJy7K3DPvqA59\" target=\"_blank\" rel=\"noreferrer noopener\">https:\/\/forms.gle\/V8y1wJy7K3DPvqA59<\/a>. <\/p>\n\n\n\n<p>Para ampliar informaci\u00f3n enviar un whatsapp al 683 15 01 02<\/p>\n\n\n\n<figure class=\"wp-block-image size-large\"><a href=\"https:\/\/cullarvega.com\/casa-cultura\/wp-content\/uploads\/2023\/09\/Mecanografia.png\"><img fetchpriority=\"high\" decoding=\"async\" width=\"724\" height=\"1024\" src=\"https:\/\/cullarvega.com\/casa-cultura\/wp-content\/uploads\/2023\/09\/Mecanografia-724x1024.png\" alt=\"\" class=\"wp-image-21273\" srcset=\"https:\/\/cullarvega.com\/casa-cultura\/wp-content\/uploads\/2023\/09\/Mecanografia-724x1024.png 724w, https:\/\/cullarvega.com\/casa-cultura\/wp-content\/uploads\/2023\/09\/Mecanografia-212x300.png 212w, https:\/\/cullarvega.com\/casa-cultura\/wp-content\/uploads\/2023\/09\/Mecanografia-768x1086.png 768w, https:\/\/cullarvega.com\/casa-cultura\/wp-content\/uploads\/2023\/09\/Mecanografia-1086x1536.png 1086w, https:\/\/cullarvega.com\/casa-cultura\/wp-content\/uploads\/2023\/09\/Mecanografia-424x600.png 424w, https:\/\/cullarvega.com\/casa-cultura\/wp-content\/uploads\/2023\/09\/Mecanografia-396x560.png 396w, https:\/\/cullarvega.com\/casa-cultura\/wp-content\/uploads\/2023\/09\/Mecanografia.png 1414w\" sizes=\"(max-width: 724px) 100vw, 724px\" \/><\/a><\/figure>\n","protected":false},"excerpt":{"rendered":"<p>En el Centro Vuela Guadalinfo de C\u00fallar Vega se ofrece la posibilidad de realizar ejercicios libres de mecanograf\u00eda con la supervisi\u00f3n del Agente de Innovaci\u00f3n, gracias a un programa que se adapta a cualquier edad y caracter\u00edstica con ejercicios individuales. Va dirigido a j\u00f3venes de entre 8 y 16 a\u00f1os de edad. El objetivo de [&hellip;]<\/p>\n","protected":false},"author":1,"featured_media":21273,"comment_status":"closed","ping_status":"open","sticky":false,"template":"","format":"standard","meta":{"footnotes":""},"categories":[43],"tags":[],"class_list":["post-21272","post","type-post","status-publish","format-standard","has-post-thumbnail","hentry","category-punto-vuela"],"_links":{"self":[{"href":"https:\/\/cullarvega.com\/casa-cultura\/wp-json\/wp\/v2\/posts\/21272","targetHints":{"allow":["GET"]}}],"collection":[{"href":"https:\/\/cullarvega.com\/casa-cultura\/wp-json\/wp\/v2\/posts"}],"about":[{"href":"https:\/\/cullarvega.com\/casa-cultura\/wp-json\/wp\/v2\/types\/post"}],"author":[{"embeddable":true,"href":"https:\/\/cullarvega.com\/casa-cultura\/wp-json\/wp\/v2\/users\/1"}],"replies":[{"embeddable":true,"href":"https:\/\/cullarvega.com\/casa-cultura\/wp-json\/wp\/v2\/comments?post=21272"}],"version-history":[{"count":2,"href":"https:\/\/cullarvega.com\/casa-cultura\/wp-json\/wp\/v2\/posts\/21272\/revisions"}],"predecessor-version":[{"id":22206,"href":"https:\/\/cullarvega.com\/casa-cultura\/wp-json\/wp\/v2\/posts\/21272\/revisions\/22206"}],"wp:featuredmedia":[{"embeddable":true,"href":"https:\/\/cullarvega.com\/casa-cultura\/wp-json\/wp\/v2\/media\/21273"}],"wp:attachment":[{"href":"https:\/\/cullarvega.com\/casa-cultura\/wp-json\/wp\/v2\/media?parent=21272"}],"wp:term":[{"taxonomy":"category","embeddable":true,"href":"https:\/\/cullarvega.com\/casa-cultura\/wp-json\/wp\/v2\/categories?post=21272"},{"taxonomy":"post_tag","embeddable":true,"href":"https:\/\/cullarvega.com\/casa-cultura\/wp-json\/wp\/v2\/tags?post=21272"}],"curies":[{"name":"wp","href":"https:\/\/api.w.org\/{rel}","templated":true}]}}