{"id":21262,"date":"2023-09-13T10:24:13","date_gmt":"2023-09-13T08:24:13","guid":{"rendered":"https:\/\/cullarvega.com\/casa-cultura\/?p=21262"},"modified":"2023-09-13T10:29:30","modified_gmt":"2023-09-13T08:29:30","slug":"xvi-festival-cullar-vega-rock","status":"publish","type":"post","link":"https:\/\/cullarvega.com\/casa-cultura\/xvi-festival-cullar-vega-rock\/","title":{"rendered":"XVI Festival C\u00fallar Vega Rock"},"content":{"rendered":"\n<p>Vuelve un a\u00f1o m\u00e1s el C\u00fallar Vega Rock en su 16\u1d43 edici\u00f3n. <\/p>\n\n\n\n<p><strong>Paradox Circus, Black Bird, Korriban y Rock Time<\/strong> ser\u00e1n las bandas encargadas de asegurarnos una noche variada, potente, y para todos los gustos. <\/p>\n\n\n\n<p><img decoding=\"async\" alt=\"\ud83c\udf9f\" src=\"https:\/\/static.xx.fbcdn.net\/images\/emoji.php\/v9\/td8\/1\/16\/1f39f.png\" width=\"16\" height=\"16\"> La entrada es gratuita por supuesto.<\/p>\n\n\n\n<p><img decoding=\"async\" alt=\"\ud83d\udccd\" src=\"https:\/\/static.xx.fbcdn.net\/images\/emoji.php\/v9\/t2d\/1\/16\/1f4cd.png\" width=\"16\" height=\"16\"> El lugar, la explanada de la Casa de la Cultura de C\u00fallar Vega, enclave inmejorable.<\/p>\n\n\n\n<p><img decoding=\"async\" alt=\"\ud83c\udfa1\" src=\"https:\/\/static.xx.fbcdn.net\/images\/emoji.php\/v9\/tfb\/1\/16\/1f3a1.png\" width=\"16\" height=\"16\">Hinchables y actividades para los m\u00e1s peque\u00f1os.<\/p>\n\n\n\n<p><img loading=\"lazy\" decoding=\"async\" alt=\"\ud83d\udd56\" src=\"https:\/\/static.xx.fbcdn.net\/images\/emoji.php\/v9\/tae\/1\/16\/1f556.png\" width=\"16\" height=\"16\">Desde las 7 de la tarde, un horario familiar y asequible para todos.<\/p>\n\n\n\n<p><img loading=\"lazy\" decoding=\"async\" src=\"https:\/\/static.xx.fbcdn.net\/images\/emoji.php\/v9\/t96\/1\/16\/1f37b.png\" alt=\"\ud83c\udf7b\" width=\"16\" height=\"16\">Barra a cargo de <a href=\"https:\/\/www.facebook.com\/PubZenith?__cft__[0]=AZXyE961Psc_Fp611T2bM1qRK-ejggy9YZrK9SCQrA5c1KCDjfbYbu98-IuZXeR7NQFIcwuWl2RZnaiUqyU5wBLRmI3KJsYJs3YSr1dzjNPDo-YZ7E0vKRY7ZdUfZCOxVNJDAQh1HyPi3B72mTMGkf3yzKfdfrxi__SBmEeoMfD_ojQGhmwcRtIRSf4kefa4pYY&amp;__tn__=-]K-R\">Pub Zenith<\/a> con cerveza bien fr\u00eda, copas, y bocadillos variados para que todo el mundo est\u00e9 bien servido y disfrutando del mejor espect\u00e1culo en mitad de la vega de Granada.<\/p>\n\n\n\n<p>Os esperamos el s\u00e1bado 23 de septiembre en la explanada de la Casa de la Cultura de C\u00fallar Vega. <img loading=\"lazy\" decoding=\"async\" width=\"16\" height=\"16\" src=\"https:\/\/static.xx.fbcdn.net\/images\/emoji.php\/v9\/t50\/1\/16\/1f525.png\" alt=\"\ud83d\udd25\"><\/p>\n\n\n\n<p>Este festival forma parte del Programa de Concertaci\u00f3n Local 2023 entre el Ayuntamiento de C\u00fallar Vega y la Diputaci\u00f3n Provincial de Granada.<\/p>\n\n\n\n\n\n<figure class=\"wp-block-image size-large\"><a href=\"https:\/\/cullarvega.com\/casa-cultura\/wp-content\/uploads\/2023\/09\/WhatsApp-Image-2023-09-13-at-10.05.14-2.jpeg\"><img loading=\"lazy\" decoding=\"async\" width=\"724\" height=\"1024\" src=\"https:\/\/cullarvega.com\/casa-cultura\/wp-content\/uploads\/2023\/09\/WhatsApp-Image-2023-09-13-at-10.05.14-2-724x1024.jpeg\" alt=\"\" class=\"wp-image-21266\" srcset=\"https:\/\/cullarvega.com\/casa-cultura\/wp-content\/uploads\/2023\/09\/WhatsApp-Image-2023-09-13-at-10.05.14-2-724x1024.jpeg 724w, https:\/\/cullarvega.com\/casa-cultura\/wp-content\/uploads\/2023\/09\/WhatsApp-Image-2023-09-13-at-10.05.14-2-212x300.jpeg 212w, https:\/\/cullarvega.com\/casa-cultura\/wp-content\/uploads\/2023\/09\/WhatsApp-Image-2023-09-13-at-10.05.14-2-768x1086.jpeg 768w, https:\/\/cullarvega.com\/casa-cultura\/wp-content\/uploads\/2023\/09\/WhatsApp-Image-2023-09-13-at-10.05.14-2-1086x1536.jpeg 1086w, https:\/\/cullarvega.com\/casa-cultura\/wp-content\/uploads\/2023\/09\/WhatsApp-Image-2023-09-13-at-10.05.14-2-424x600.jpeg 424w, https:\/\/cullarvega.com\/casa-cultura\/wp-content\/uploads\/2023\/09\/WhatsApp-Image-2023-09-13-at-10.05.14-2-396x560.jpeg 396w, https:\/\/cullarvega.com\/casa-cultura\/wp-content\/uploads\/2023\/09\/WhatsApp-Image-2023-09-13-at-10.05.14-2.jpeg 1448w\" sizes=\"(max-width: 724px) 100vw, 724px\" \/><\/a><\/figure>\n","protected":false},"excerpt":{"rendered":"<p>Vuelve un a\u00f1o m\u00e1s el C\u00fallar Vega Rock en su 16\u1d43 edici\u00f3n. Paradox Circus, Black Bird, Korriban y Rock Time ser\u00e1n las bandas encargadas de asegurarnos una noche variada, potente, y para todos los gustos. La entrada es gratuita por supuesto. El lugar, la explanada de la Casa de la Cultura de C\u00fallar Vega, enclave [&hellip;]<\/p>\n","protected":false},"author":8,"featured_media":0,"comment_status":"closed","ping_status":"open","sticky":false,"template":"","format":"standard","meta":{"footnotes":""},"categories":[1],"tags":[179,180,181],"class_list":["post-21262","post","type-post","status-publish","format-standard","hentry","category-actualidad","tag-cultura","tag-festival","tag-musica"],"_links":{"self":[{"href":"https:\/\/cullarvega.com\/casa-cultura\/wp-json\/wp\/v2\/posts\/21262","targetHints":{"allow":["GET"]}}],"collection":[{"href":"https:\/\/cullarvega.com\/casa-cultura\/wp-json\/wp\/v2\/posts"}],"about":[{"href":"https:\/\/cullarvega.com\/casa-cultura\/wp-json\/wp\/v2\/types\/post"}],"author":[{"embeddable":true,"href":"https:\/\/cullarvega.com\/casa-cultura\/wp-json\/wp\/v2\/users\/8"}],"replies":[{"embeddable":true,"href":"https:\/\/cullarvega.com\/casa-cultura\/wp-json\/wp\/v2\/comments?post=21262"}],"version-history":[{"count":3,"href":"https:\/\/cullarvega.com\/casa-cultura\/wp-json\/wp\/v2\/posts\/21262\/revisions"}],"predecessor-version":[{"id":21270,"href":"https:\/\/cullarvega.com\/casa-cultura\/wp-json\/wp\/v2\/posts\/21262\/revisions\/21270"}],"wp:attachment":[{"href":"https:\/\/cullarvega.com\/casa-cultura\/wp-json\/wp\/v2\/media?parent=21262"}],"wp:term":[{"taxonomy":"category","embeddable":true,"href":"https:\/\/cullarvega.com\/casa-cultura\/wp-json\/wp\/v2\/categories?post=21262"},{"taxonomy":"post_tag","embeddable":true,"href":"https:\/\/cullarvega.com\/casa-cultura\/wp-json\/wp\/v2\/tags?post=21262"}],"curies":[{"name":"wp","href":"https:\/\/api.w.org\/{rel}","templated":true}]}}