{"id":21256,"date":"2023-09-11T16:16:21","date_gmt":"2023-09-11T14:16:21","guid":{"rendered":"https:\/\/cullarvega.com\/casa-cultura\/?p=21256"},"modified":"2023-09-11T16:16:22","modified_gmt":"2023-09-11T14:16:22","slug":"ii-campeonato-de-construccion-con-minetest","status":"publish","type":"post","link":"https:\/\/cullarvega.com\/casa-cultura\/ii-campeonato-de-construccion-con-minetest\/","title":{"rendered":"II Campeonato de Construcci\u00f3n con Minetest"},"content":{"rendered":"\n<p>Si te gusta el mundo Minecraft participa en el <strong>Segundo Campeonato de Construcci\u00f3n con Minetest<\/strong> de <strong>C\u00fallar Vega <\/strong>dentro de la programaci\u00f3n oficial de las <strong>Fiestas de San Miguel 2023<\/strong>.<\/p>\n\n\n\n<p><strong> 1.- REGLAS<\/strong>:<\/p>\n\n\n\n<p><strong>a) Campeonato de construcci\u00f3n a contrarreloj <\/strong>dentro de un mundo <strong>Minetest<\/strong>. Cada participante deber\u00e1 realizar una construcci\u00f3n concreta que se indicar\u00e1 el mismo d\u00eda de la competici\u00f3n y en un tiempo especificado. El dise\u00f1o ser\u00e1 libre pero siempre<strong> manteniendo similitud y coherencia <\/strong>con el modelo indicado y teniendo en cuenta algunos detalles y caracter\u00edsticas obligatorias que se indicar\u00e1n el d\u00eda del campeonato.<\/p>\n\n\n\n<p><strong>b) <\/strong>Podr\u00e1n participar <strong>personas de cualquier edad <\/strong>con conocimientos previos en el manejo de Minecraft o Minetest.<\/p>\n\n\n\n<p><strong>c) <\/strong>La participaci\u00f3n es <strong>presencial<\/strong> y se desarrollar\u00e1 en los ordenadores del <strong>Centro Guadalinfo de C\u00fallar Vega<\/strong> que cuenta con el juego <strong>Minetest<\/strong> ya instalado en red.<\/p>\n\n\n\n<p><strong>d) <\/strong>Durante la competici\u00f3n  estar\u00e1n <strong>prohibidas<\/strong> las <strong>interferencias<\/strong> en las construcciones de los dem\u00e1s participantes, siendo esto motivo de eliminaci\u00f3n directa. <\/p>\n\n\n\n<p><strong>e) <\/strong>Las construcciones tienen que ser superficiales y no se valorar\u00e1n aquellas partes construidas en subsuelo.<\/p>\n\n\n\n<p>&#8212;-<\/p>\n\n\n\n<p><strong>2.- FASES: <\/strong><\/p>\n\n\n\n<p><strong>a) Inscripci\u00f3n del 11 al 21 de septiembre<\/strong>:  los interesados\/as deber\u00e1n cumplimentar el siguiente formulario de inscripci\u00f3n: <a href=\"https:\/\/forms.gle\/gCXm2qDW2h9MKdJU7\">https:\/\/forms.gle\/gCXm2qDW2h9MKdJU7<\/a> En caso necesario de comprobaci\u00f3n de datos nos pondremos en contacto por los medios facilitados en el formulario. La inscripci\u00f3n de menores de edad deber\u00e1n realizarla los padres, madres o tutor@s. <\/p>\n\n\n\n<p><strong>b) Ronda Clasificatoria<\/strong>: los d\u00edas 26 y 27 de septiembre en horario de tarde se desarrollar\u00e1 la fase clasificatoria. Los grupos y horarios se organizar\u00e1n en funci\u00f3n del n\u00famero de inscritos, avisando con tiempo suficiente por whatsapp o email del d\u00eda y hora de competici\u00f3n.<\/p>\n\n\n\n<p><strong>c) Ronda Final: <\/strong>el 28 de septiembre a las 18 h tendr\u00e1 lugar la final con los mejores clasificados de la ronda clasificatoria.<\/p>\n\n\n\n<p>&#8212;-<\/p>\n\n\n\n<p>M\u00e1s informaci\u00f3n en el <strong>whatsapp 683 15 01 02<\/strong> o en el email <a href=\"mailto:guadalinfo.cullarvega@guadalinfo.es\">guadalinfo.cullarvega@guadalinfo.es<\/a><\/p>\n\n\n\n<figure class=\"wp-block-image size-full\"><a href=\"https:\/\/cullarvega.com\/casa-cultura\/wp-content\/uploads\/2023\/09\/cartel-ii-campeonato-construccion-minetest-709x1024-1.jpg\"><img fetchpriority=\"high\" decoding=\"async\" width=\"709\" height=\"1024\" src=\"https:\/\/cullarvega.com\/casa-cultura\/wp-content\/uploads\/2023\/09\/cartel-ii-campeonato-construccion-minetest-709x1024-1.jpg\" alt=\"\" class=\"wp-image-21257\" srcset=\"https:\/\/cullarvega.com\/casa-cultura\/wp-content\/uploads\/2023\/09\/cartel-ii-campeonato-construccion-minetest-709x1024-1.jpg 709w, https:\/\/cullarvega.com\/casa-cultura\/wp-content\/uploads\/2023\/09\/cartel-ii-campeonato-construccion-minetest-709x1024-1-208x300.jpg 208w, https:\/\/cullarvega.com\/casa-cultura\/wp-content\/uploads\/2023\/09\/cartel-ii-campeonato-construccion-minetest-709x1024-1-415x600.jpg 415w, https:\/\/cullarvega.com\/casa-cultura\/wp-content\/uploads\/2023\/09\/cartel-ii-campeonato-construccion-minetest-709x1024-1-388x560.jpg 388w\" sizes=\"(max-width: 709px) 100vw, 709px\" \/><\/a><\/figure>\n","protected":false},"excerpt":{"rendered":"<p>Si te gusta el mundo Minecraft participa en el Segundo Campeonato de Construcci\u00f3n con Minetest de C\u00fallar Vega dentro de la programaci\u00f3n oficial de las Fiestas de San Miguel 2023. 1.- REGLAS: a) Campeonato de construcci\u00f3n a contrarreloj dentro de un mundo Minetest. Cada participante deber\u00e1 realizar una construcci\u00f3n concreta que se indicar\u00e1 el mismo [&hellip;]<\/p>\n","protected":false},"author":1,"featured_media":21257,"comment_status":"closed","ping_status":"open","sticky":false,"template":"","format":"standard","meta":{"footnotes":""},"categories":[43],"tags":[],"class_list":["post-21256","post","type-post","status-publish","format-standard","has-post-thumbnail","hentry","category-punto-vuela"],"_links":{"self":[{"href":"https:\/\/cullarvega.com\/casa-cultura\/wp-json\/wp\/v2\/posts\/21256","targetHints":{"allow":["GET"]}}],"collection":[{"href":"https:\/\/cullarvega.com\/casa-cultura\/wp-json\/wp\/v2\/posts"}],"about":[{"href":"https:\/\/cullarvega.com\/casa-cultura\/wp-json\/wp\/v2\/types\/post"}],"author":[{"embeddable":true,"href":"https:\/\/cullarvega.com\/casa-cultura\/wp-json\/wp\/v2\/users\/1"}],"replies":[{"embeddable":true,"href":"https:\/\/cullarvega.com\/casa-cultura\/wp-json\/wp\/v2\/comments?post=21256"}],"version-history":[{"count":1,"href":"https:\/\/cullarvega.com\/casa-cultura\/wp-json\/wp\/v2\/posts\/21256\/revisions"}],"predecessor-version":[{"id":21258,"href":"https:\/\/cullarvega.com\/casa-cultura\/wp-json\/wp\/v2\/posts\/21256\/revisions\/21258"}],"wp:featuredmedia":[{"embeddable":true,"href":"https:\/\/cullarvega.com\/casa-cultura\/wp-json\/wp\/v2\/media\/21257"}],"wp:attachment":[{"href":"https:\/\/cullarvega.com\/casa-cultura\/wp-json\/wp\/v2\/media?parent=21256"}],"wp:term":[{"taxonomy":"category","embeddable":true,"href":"https:\/\/cullarvega.com\/casa-cultura\/wp-json\/wp\/v2\/categories?post=21256"},{"taxonomy":"post_tag","embeddable":true,"href":"https:\/\/cullarvega.com\/casa-cultura\/wp-json\/wp\/v2\/tags?post=21256"}],"curies":[{"name":"wp","href":"https:\/\/api.w.org\/{rel}","templated":true}]}}