{"id":21251,"date":"2023-09-05T10:28:31","date_gmt":"2023-09-05T08:28:31","guid":{"rendered":"https:\/\/cullarvega.com\/casa-cultura\/?p=21251"},"modified":"2023-09-05T10:31:33","modified_gmt":"2023-09-05T08:31:33","slug":"quieres-tener-el-b1-de-ingles","status":"publish","type":"post","link":"https:\/\/cullarvega.com\/casa-cultura\/quieres-tener-el-b1-de-ingles\/","title":{"rendered":"\u00bfQuieres tener el B1 de Ingl\u00e9s?"},"content":{"rendered":"\n<p>A trav\u00e9s del Centro P\u00fablico de Educaci\u00f3n de Personas Adultas Elena Mart\u00edn Vivaldi se desarrollar\u00e1n <strong>tutor\u00edas de apoyo al estudio<\/strong> con matr\u00edcula en la Escuela Oficial de Idiomas y clases presenciales en Santa Fe y C\u00fallar Vega para la obtenci\u00f3n del B1 de Ingl\u00e9s para el curso 23-24.<\/p>\n\n\n\n<p>Prueba de nivel el pr\u00f3ximo viernes 8 de septiembre a las 11:00 h. en Santa Fe.<\/p>\n\n\n\n<p>Plazas Limitadas. <\/p>\n\n\n\n<p>M\u00e1s informaci\u00f3n: Tel\u00e9fono de informaci\u00f3n CEPER: 958 89 39 88 \u2013 Tel\u00e9fono Casa de la Cultura de C\u00fallar Vega: 958 574 007<\/p>\n\n\n\n<figure class=\"wp-block-image size-large\"><a href=\"https:\/\/cullarvega.com\/casa-cultura\/wp-content\/uploads\/2023\/09\/b1-ingles-23-24-ceper.jpeg\"><img fetchpriority=\"high\" decoding=\"async\" width=\"724\" height=\"1024\" src=\"https:\/\/cullarvega.com\/casa-cultura\/wp-content\/uploads\/2023\/09\/b1-ingles-23-24-ceper-724x1024.jpeg\" alt=\"\" class=\"wp-image-21252\" srcset=\"https:\/\/cullarvega.com\/casa-cultura\/wp-content\/uploads\/2023\/09\/b1-ingles-23-24-ceper-724x1024.jpeg 724w, https:\/\/cullarvega.com\/casa-cultura\/wp-content\/uploads\/2023\/09\/b1-ingles-23-24-ceper-212x300.jpeg 212w, https:\/\/cullarvega.com\/casa-cultura\/wp-content\/uploads\/2023\/09\/b1-ingles-23-24-ceper-768x1086.jpeg 768w, https:\/\/cullarvega.com\/casa-cultura\/wp-content\/uploads\/2023\/09\/b1-ingles-23-24-ceper-1086x1536.jpeg 1086w, https:\/\/cullarvega.com\/casa-cultura\/wp-content\/uploads\/2023\/09\/b1-ingles-23-24-ceper-424x600.jpeg 424w, https:\/\/cullarvega.com\/casa-cultura\/wp-content\/uploads\/2023\/09\/b1-ingles-23-24-ceper-396x560.jpeg 396w, https:\/\/cullarvega.com\/casa-cultura\/wp-content\/uploads\/2023\/09\/b1-ingles-23-24-ceper.jpeg 1448w\" sizes=\"(max-width: 724px) 100vw, 724px\" \/><\/a><\/figure>\n","protected":false},"excerpt":{"rendered":"<p>A trav\u00e9s del Centro P\u00fablico de Educaci\u00f3n de Personas Adultas Elena Mart\u00edn Vivaldi se desarrollar\u00e1n tutor\u00edas de apoyo al estudio con matr\u00edcula en la Escuela Oficial de Idiomas y clases presenciales en Santa Fe y C\u00fallar Vega para la obtenci\u00f3n del B1 de Ingl\u00e9s para el curso 23-24. Prueba de nivel el pr\u00f3ximo viernes 8 [&hellip;]<\/p>\n","protected":false},"author":1,"featured_media":21252,"comment_status":"closed","ping_status":"open","sticky":false,"template":"","format":"standard","meta":{"footnotes":""},"categories":[42],"tags":[],"class_list":["post-21251","post","type-post","status-publish","format-standard","has-post-thumbnail","hentry","category-ceper-elena-martin-vivaldi"],"_links":{"self":[{"href":"https:\/\/cullarvega.com\/casa-cultura\/wp-json\/wp\/v2\/posts\/21251","targetHints":{"allow":["GET"]}}],"collection":[{"href":"https:\/\/cullarvega.com\/casa-cultura\/wp-json\/wp\/v2\/posts"}],"about":[{"href":"https:\/\/cullarvega.com\/casa-cultura\/wp-json\/wp\/v2\/types\/post"}],"author":[{"embeddable":true,"href":"https:\/\/cullarvega.com\/casa-cultura\/wp-json\/wp\/v2\/users\/1"}],"replies":[{"embeddable":true,"href":"https:\/\/cullarvega.com\/casa-cultura\/wp-json\/wp\/v2\/comments?post=21251"}],"version-history":[{"count":2,"href":"https:\/\/cullarvega.com\/casa-cultura\/wp-json\/wp\/v2\/posts\/21251\/revisions"}],"predecessor-version":[{"id":21254,"href":"https:\/\/cullarvega.com\/casa-cultura\/wp-json\/wp\/v2\/posts\/21251\/revisions\/21254"}],"wp:featuredmedia":[{"embeddable":true,"href":"https:\/\/cullarvega.com\/casa-cultura\/wp-json\/wp\/v2\/media\/21252"}],"wp:attachment":[{"href":"https:\/\/cullarvega.com\/casa-cultura\/wp-json\/wp\/v2\/media?parent=21251"}],"wp:term":[{"taxonomy":"category","embeddable":true,"href":"https:\/\/cullarvega.com\/casa-cultura\/wp-json\/wp\/v2\/categories?post=21251"},{"taxonomy":"post_tag","embeddable":true,"href":"https:\/\/cullarvega.com\/casa-cultura\/wp-json\/wp\/v2\/tags?post=21251"}],"curies":[{"name":"wp","href":"https:\/\/api.w.org\/{rel}","templated":true}]}}