{"id":21244,"date":"2023-08-04T08:22:19","date_gmt":"2023-08-04T06:22:19","guid":{"rendered":"https:\/\/cullarvega.com\/casa-cultura\/?p=21244"},"modified":"2026-01-28T09:14:13","modified_gmt":"2026-01-28T07:14:13","slug":"taller-de-diseno-grafico-para-jovenes","status":"publish","type":"post","link":"https:\/\/cullarvega.com\/casa-cultura\/taller-de-diseno-grafico-para-jovenes\/","title":{"rendered":"Taller de Dise\u00f1o Grafico para j\u00f3venes"},"content":{"rendered":"\n<p>Dentro del programa de actividades de verano para j\u00f3venes del Centro Vuela Guadalinfo de C\u00fallar Vega, el pr\u00f3ximo jueves 10 de agosto tendr\u00e1 lugar un taller gratuito de <strong>Dise\u00f1o Gr\u00e1fico con CANVA <\/strong>para edades comprendidas entre los 9 a 14 a\u00f1os.<\/p>\n\n\n\n<p><strong>Dirigido:<\/strong> j\u00f3venes de 9 a 14 a\u00f1os<\/p>\n\n\n\n<p><strong>D\u00eda<\/strong>: jueves 10 de agosto (1 \u00fanica sesi\u00f3n)<\/p>\n\n\n\n<p><strong>Lugar<\/strong>: Centro Vuela Guadalinfo de C\u00fallar Vega (Planta Superior de la Casa de la Cultura de C\u00fallar Vega <a href=\"https:\/\/g.page\/centroguadalinfocullarvega\" target=\"_blank\" rel=\"noreferrer noopener\">https:\/\/g.page\/centroguadalinfocullarvega<\/a> )<\/p>\n\n\n\n<p>En las pr\u00f3ximas semanas se ir\u00e1n organizando nuevos grupos en diferentes d\u00edas y horarios para todos\/as aquellos\/as que no puedan asistir a esta primera sesi\u00f3n. As\u00ed que inscr\u00edbete, aunque no puedas asistir a esta sesi\u00f3n, para confeccionar pr\u00f3ximos grupos: <strong>Inscripci\u00f3n<\/strong> <strong>online<\/strong>: <a rel=\"noreferrer noopener\" href=\"https:\/\/forms.gle\/mo7ivXpdEuzvdWip8\" target=\"_blank\">https:\/\/forms.gle\/mo7ivXpdEuzvdWip8<\/a><\/p>\n\n\n\n<figure class=\"wp-block-image size-large\"><a href=\"https:\/\/cullarvega.com\/casa-cultura\/wp-content\/uploads\/2023\/08\/canva-jovenes.png\"><img fetchpriority=\"high\" decoding=\"async\" width=\"724\" height=\"1024\" src=\"https:\/\/cullarvega.com\/casa-cultura\/wp-content\/uploads\/2023\/08\/canva-jovenes-724x1024.png\" alt=\"\" class=\"wp-image-21246\" srcset=\"https:\/\/cullarvega.com\/casa-cultura\/wp-content\/uploads\/2023\/08\/canva-jovenes-724x1024.png 724w, https:\/\/cullarvega.com\/casa-cultura\/wp-content\/uploads\/2023\/08\/canva-jovenes-212x300.png 212w, https:\/\/cullarvega.com\/casa-cultura\/wp-content\/uploads\/2023\/08\/canva-jovenes-768x1086.png 768w, https:\/\/cullarvega.com\/casa-cultura\/wp-content\/uploads\/2023\/08\/canva-jovenes-1086x1536.png 1086w, https:\/\/cullarvega.com\/casa-cultura\/wp-content\/uploads\/2023\/08\/canva-jovenes-424x600.png 424w, https:\/\/cullarvega.com\/casa-cultura\/wp-content\/uploads\/2023\/08\/canva-jovenes-396x560.png 396w, https:\/\/cullarvega.com\/casa-cultura\/wp-content\/uploads\/2023\/08\/canva-jovenes.png 1414w\" sizes=\"(max-width: 724px) 100vw, 724px\" \/><\/a><\/figure>\n","protected":false},"excerpt":{"rendered":"<p>Dentro del programa de actividades de verano para j\u00f3venes del Centro Vuela Guadalinfo de C\u00fallar Vega, el pr\u00f3ximo jueves 10 de agosto tendr\u00e1 lugar un taller gratuito de Dise\u00f1o Gr\u00e1fico con CANVA para edades comprendidas entre los 9 a 14 a\u00f1os. Dirigido: j\u00f3venes de 9 a 14 a\u00f1os D\u00eda: jueves 10 de agosto (1 \u00fanica [&hellip;]<\/p>\n","protected":false},"author":1,"featured_media":21246,"comment_status":"closed","ping_status":"open","sticky":false,"template":"","format":"standard","meta":{"footnotes":""},"categories":[43],"tags":[],"class_list":["post-21244","post","type-post","status-publish","format-standard","has-post-thumbnail","hentry","category-punto-vuela"],"_links":{"self":[{"href":"https:\/\/cullarvega.com\/casa-cultura\/wp-json\/wp\/v2\/posts\/21244","targetHints":{"allow":["GET"]}}],"collection":[{"href":"https:\/\/cullarvega.com\/casa-cultura\/wp-json\/wp\/v2\/posts"}],"about":[{"href":"https:\/\/cullarvega.com\/casa-cultura\/wp-json\/wp\/v2\/types\/post"}],"author":[{"embeddable":true,"href":"https:\/\/cullarvega.com\/casa-cultura\/wp-json\/wp\/v2\/users\/1"}],"replies":[{"embeddable":true,"href":"https:\/\/cullarvega.com\/casa-cultura\/wp-json\/wp\/v2\/comments?post=21244"}],"version-history":[{"count":2,"href":"https:\/\/cullarvega.com\/casa-cultura\/wp-json\/wp\/v2\/posts\/21244\/revisions"}],"predecessor-version":[{"id":22205,"href":"https:\/\/cullarvega.com\/casa-cultura\/wp-json\/wp\/v2\/posts\/21244\/revisions\/22205"}],"wp:featuredmedia":[{"embeddable":true,"href":"https:\/\/cullarvega.com\/casa-cultura\/wp-json\/wp\/v2\/media\/21246"}],"wp:attachment":[{"href":"https:\/\/cullarvega.com\/casa-cultura\/wp-json\/wp\/v2\/media?parent=21244"}],"wp:term":[{"taxonomy":"category","embeddable":true,"href":"https:\/\/cullarvega.com\/casa-cultura\/wp-json\/wp\/v2\/categories?post=21244"},{"taxonomy":"post_tag","embeddable":true,"href":"https:\/\/cullarvega.com\/casa-cultura\/wp-json\/wp\/v2\/tags?post=21244"}],"curies":[{"name":"wp","href":"https:\/\/api.w.org\/{rel}","templated":true}]}}