{"id":21237,"date":"2023-06-28T11:31:46","date_gmt":"2023-06-28T09:31:46","guid":{"rendered":"https:\/\/cullarvega.com\/casa-cultura\/?p=21237"},"modified":"2026-01-28T09:13:31","modified_gmt":"2026-01-28T07:13:31","slug":"taller-introduccion-fotografia-con-movil-para-comerciantes-y-pymes","status":"publish","type":"post","link":"https:\/\/cullarvega.com\/casa-cultura\/taller-introduccion-fotografia-con-movil-para-comerciantes-y-pymes\/","title":{"rendered":"Taller introducci\u00f3n Fotograf\u00eda con M\u00f3vil para comerciantes y Pymes"},"content":{"rendered":"\n<h3 class=\"wp-block-heading\">\u00bfTienes un comercio o negocio en el \u00e1rea metropolitana de Granada y quieres mejorar las fotograf\u00edas de tu comunicaci\u00f3n?<\/h3>\n\n\n\n<p>Participa en el<strong> Taller de introducci\u00f3n a la fotograf\u00eda con m\u00f3vil <\/strong>y s\u00e1cale todo el partido a tu smartphone para comunicar m\u00e1s y mejor.<\/p>\n\n\n\n<p>Actividad dirigida a <strong>comercios<\/strong> y otros <strong>negocios<\/strong> dentro de las acciones de la campa\u00f1a de apoyo al comercio local y de proximidad #TuComercioTeDalaVida de las \u00abEDUSI Aglomeraci\u00f3n Urbana de Granada\u00bb y \u00abEDUSI Metropolitano Suroeste de Granada\u00bb de Diputaci\u00f3n de Granada y Granada Metr\u00f3poli con FEDER.<\/p>\n\n\n\n<p>&#8211; <strong>PLAZAS<\/strong> abiertas a todos los negocios locales<\/p>\n\n\n\n<p>&#8211; <strong>Profesora<\/strong>: Vanessa Cantero<\/p>\n\n\n\n<p>&#8211; <strong>Duraci\u00f3n<\/strong>: 10,11, 12 de julio | Casa de la Cultura (Aula 1) P.\u00ba Geronimo de Rueda, s\/n.<\/p>\n\n\n\n<p>&#8211; <strong>Inscripci\u00f3n<\/strong>: escr\u00edbenos un email a <a href=\"mailto:granadamercado.es@gmail.com\">granadamercado.es@gmail.com<\/a> con el asunto \u00bb<strong>Taller de fotograf\u00eda con m\u00f3vil C\u00fallar Vega<\/strong>\u00bb con los siguientes datos: nombre y apellidos, nombre del comercio o negocio, municipio o barrio en el que est\u00e1 el comercio o negocio, n\u00famero de tel\u00e9fono y por favor, copia en tu correa el siguiente texto: &#8216;Autoriza a BabyDog Comunicaci\u00f3n a contactar conmigo para las acciones de comunicaci\u00f3n granadamercado.es y #TuComercioTeDaLaVida<\/p>\n\n\n\n<p>&#8211; <strong>M\u00e1s informaci\u00f3n de objetivos, contenido<\/strong>, etc.. en el siguiente enlace: <a rel=\"noreferrer noopener\" href=\"https:\/\/www.cullarvega.com\/wp-content\/uploads\/2023\/06\/Programa_Taller-de-fotografia-movil-para-negocios-locales-CULLAR-VEGA.pdf\" target=\"_blank\">https:\/\/www.cullarvega.com\/wp-content\/uploads\/2023\/06\/Programa_Taller-de-fotografia-movil-para-negocios-locales-CULLAR-VEGA.pdf<\/a><\/p>\n\n\n\n<figure class=\"wp-block-image size-large\"><a href=\"https:\/\/cullarvega.com\/casa-cultura\/wp-content\/uploads\/2023\/06\/taller-fotografia-movil-empresas.jpeg\"><img fetchpriority=\"high\" decoding=\"async\" width=\"723\" height=\"1024\" src=\"https:\/\/cullarvega.com\/casa-cultura\/wp-content\/uploads\/2023\/06\/taller-fotografia-movil-empresas-723x1024.jpeg\" alt=\"\" class=\"wp-image-21238\" srcset=\"https:\/\/cullarvega.com\/casa-cultura\/wp-content\/uploads\/2023\/06\/taller-fotografia-movil-empresas-723x1024.jpeg 723w, https:\/\/cullarvega.com\/casa-cultura\/wp-content\/uploads\/2023\/06\/taller-fotografia-movil-empresas-212x300.jpeg 212w, https:\/\/cullarvega.com\/casa-cultura\/wp-content\/uploads\/2023\/06\/taller-fotografia-movil-empresas-768x1087.jpeg 768w, https:\/\/cullarvega.com\/casa-cultura\/wp-content\/uploads\/2023\/06\/taller-fotografia-movil-empresas-1085x1536.jpeg 1085w, https:\/\/cullarvega.com\/casa-cultura\/wp-content\/uploads\/2023\/06\/taller-fotografia-movil-empresas-424x600.jpeg 424w, https:\/\/cullarvega.com\/casa-cultura\/wp-content\/uploads\/2023\/06\/taller-fotografia-movil-empresas-396x560.jpeg 396w, https:\/\/cullarvega.com\/casa-cultura\/wp-content\/uploads\/2023\/06\/taller-fotografia-movil-empresas.jpeg 1130w\" sizes=\"(max-width: 723px) 100vw, 723px\" \/><\/a><\/figure>\n","protected":false},"excerpt":{"rendered":"<p>\u00bfTienes un comercio o negocio en el \u00e1rea metropolitana de Granada y quieres mejorar las fotograf\u00edas de tu comunicaci\u00f3n? Participa en el Taller de introducci\u00f3n a la fotograf\u00eda con m\u00f3vil y s\u00e1cale todo el partido a tu smartphone para comunicar m\u00e1s y mejor. Actividad dirigida a comercios y otros negocios dentro de las acciones de [&hellip;]<\/p>\n","protected":false},"author":1,"featured_media":21238,"comment_status":"closed","ping_status":"open","sticky":false,"template":"","format":"standard","meta":{"footnotes":""},"categories":[176],"tags":[],"class_list":["post-21237","post","type-post","status-publish","format-standard","has-post-thumbnail","hentry","category-formacion"],"_links":{"self":[{"href":"https:\/\/cullarvega.com\/casa-cultura\/wp-json\/wp\/v2\/posts\/21237","targetHints":{"allow":["GET"]}}],"collection":[{"href":"https:\/\/cullarvega.com\/casa-cultura\/wp-json\/wp\/v2\/posts"}],"about":[{"href":"https:\/\/cullarvega.com\/casa-cultura\/wp-json\/wp\/v2\/types\/post"}],"author":[{"embeddable":true,"href":"https:\/\/cullarvega.com\/casa-cultura\/wp-json\/wp\/v2\/users\/1"}],"replies":[{"embeddable":true,"href":"https:\/\/cullarvega.com\/casa-cultura\/wp-json\/wp\/v2\/comments?post=21237"}],"version-history":[{"count":2,"href":"https:\/\/cullarvega.com\/casa-cultura\/wp-json\/wp\/v2\/posts\/21237\/revisions"}],"predecessor-version":[{"id":22203,"href":"https:\/\/cullarvega.com\/casa-cultura\/wp-json\/wp\/v2\/posts\/21237\/revisions\/22203"}],"wp:featuredmedia":[{"embeddable":true,"href":"https:\/\/cullarvega.com\/casa-cultura\/wp-json\/wp\/v2\/media\/21238"}],"wp:attachment":[{"href":"https:\/\/cullarvega.com\/casa-cultura\/wp-json\/wp\/v2\/media?parent=21237"}],"wp:term":[{"taxonomy":"category","embeddable":true,"href":"https:\/\/cullarvega.com\/casa-cultura\/wp-json\/wp\/v2\/categories?post=21237"},{"taxonomy":"post_tag","embeddable":true,"href":"https:\/\/cullarvega.com\/casa-cultura\/wp-json\/wp\/v2\/tags?post=21237"}],"curies":[{"name":"wp","href":"https:\/\/api.w.org\/{rel}","templated":true}]}}