{"id":21225,"date":"2023-06-26T15:58:16","date_gmt":"2023-06-26T13:58:16","guid":{"rendered":"https:\/\/cullarvega.com\/casa-cultura\/?p=21225"},"modified":"2023-06-26T16:02:53","modified_gmt":"2023-06-26T14:02:53","slug":"curso-de-manipulador-de-alimentos","status":"publish","type":"post","link":"https:\/\/cullarvega.com\/casa-cultura\/curso-de-manipulador-de-alimentos\/","title":{"rendered":"Curso de Manipulador de Alimentos"},"content":{"rendered":"\n<p>Actividad para j\u00f3venes de 16 a 35 a\u00f1os preferentemente residentes en C\u00fallar Vega.<\/p>\n\n\n\n<p>Tendr\u00e1 lugar en la Casa de la Cultura en horario de 09:30 a 13:30 h. el pr\u00f3ximo martes 4 de julio.<\/p>\n\n\n\n<p>Inscripciones en el Ayuntamiento de 09 a 14 h.<\/p>\n\n\n\n<p>Plazas limitadas<\/p>\n\n\n\n<p>Precio: 5 \u20ac (con carn\u00e9 joven 3\u20ac)<\/p>\n\n\n\n<figure class=\"wp-block-image size-large\"><a href=\"https:\/\/cullarvega.com\/casa-cultura\/wp-content\/uploads\/2023\/06\/CURSO-MANIPULACION-ALIMENTOS-2023.jpg\"><img fetchpriority=\"high\" decoding=\"async\" width=\"724\" height=\"1024\" src=\"https:\/\/cullarvega.com\/casa-cultura\/wp-content\/uploads\/2023\/06\/CURSO-MANIPULACION-ALIMENTOS-2023-724x1024.jpg\" alt=\"\" class=\"wp-image-21226\" srcset=\"https:\/\/cullarvega.com\/casa-cultura\/wp-content\/uploads\/2023\/06\/CURSO-MANIPULACION-ALIMENTOS-2023-724x1024.jpg 724w, https:\/\/cullarvega.com\/casa-cultura\/wp-content\/uploads\/2023\/06\/CURSO-MANIPULACION-ALIMENTOS-2023-212x300.jpg 212w, https:\/\/cullarvega.com\/casa-cultura\/wp-content\/uploads\/2023\/06\/CURSO-MANIPULACION-ALIMENTOS-2023-768x1086.jpg 768w, https:\/\/cullarvega.com\/casa-cultura\/wp-content\/uploads\/2023\/06\/CURSO-MANIPULACION-ALIMENTOS-2023-1086x1536.jpg 1086w, https:\/\/cullarvega.com\/casa-cultura\/wp-content\/uploads\/2023\/06\/CURSO-MANIPULACION-ALIMENTOS-2023-424x600.jpg 424w, https:\/\/cullarvega.com\/casa-cultura\/wp-content\/uploads\/2023\/06\/CURSO-MANIPULACION-ALIMENTOS-2023-396x560.jpg 396w, https:\/\/cullarvega.com\/casa-cultura\/wp-content\/uploads\/2023\/06\/CURSO-MANIPULACION-ALIMENTOS-2023.jpg 1414w\" sizes=\"(max-width: 724px) 100vw, 724px\" \/><\/a><\/figure>\n","protected":false},"excerpt":{"rendered":"<p>Actividad para j\u00f3venes de 16 a 35 a\u00f1os preferentemente residentes en C\u00fallar Vega. Tendr\u00e1 lugar en la Casa de la Cultura en horario de 09:30 a 13:30 h. el pr\u00f3ximo martes 4 de julio. Inscripciones en el Ayuntamiento de 09 a 14 h. Plazas limitadas Precio: 5 \u20ac (con carn\u00e9 joven 3\u20ac)<\/p>\n","protected":false},"author":1,"featured_media":21226,"comment_status":"closed","ping_status":"open","sticky":false,"template":"","format":"standard","meta":{"footnotes":""},"categories":[176],"tags":[],"class_list":["post-21225","post","type-post","status-publish","format-standard","has-post-thumbnail","hentry","category-formacion"],"_links":{"self":[{"href":"https:\/\/cullarvega.com\/casa-cultura\/wp-json\/wp\/v2\/posts\/21225","targetHints":{"allow":["GET"]}}],"collection":[{"href":"https:\/\/cullarvega.com\/casa-cultura\/wp-json\/wp\/v2\/posts"}],"about":[{"href":"https:\/\/cullarvega.com\/casa-cultura\/wp-json\/wp\/v2\/types\/post"}],"author":[{"embeddable":true,"href":"https:\/\/cullarvega.com\/casa-cultura\/wp-json\/wp\/v2\/users\/1"}],"replies":[{"embeddable":true,"href":"https:\/\/cullarvega.com\/casa-cultura\/wp-json\/wp\/v2\/comments?post=21225"}],"version-history":[{"count":2,"href":"https:\/\/cullarvega.com\/casa-cultura\/wp-json\/wp\/v2\/posts\/21225\/revisions"}],"predecessor-version":[{"id":21230,"href":"https:\/\/cullarvega.com\/casa-cultura\/wp-json\/wp\/v2\/posts\/21225\/revisions\/21230"}],"wp:featuredmedia":[{"embeddable":true,"href":"https:\/\/cullarvega.com\/casa-cultura\/wp-json\/wp\/v2\/media\/21226"}],"wp:attachment":[{"href":"https:\/\/cullarvega.com\/casa-cultura\/wp-json\/wp\/v2\/media?parent=21225"}],"wp:term":[{"taxonomy":"category","embeddable":true,"href":"https:\/\/cullarvega.com\/casa-cultura\/wp-json\/wp\/v2\/categories?post=21225"},{"taxonomy":"post_tag","embeddable":true,"href":"https:\/\/cullarvega.com\/casa-cultura\/wp-json\/wp\/v2\/tags?post=21225"}],"curies":[{"name":"wp","href":"https:\/\/api.w.org\/{rel}","templated":true}]}}