{"id":21218,"date":"2023-06-12T08:56:34","date_gmt":"2023-06-12T06:56:34","guid":{"rendered":"https:\/\/cullarvega.com\/casa-cultura\/?p=21218"},"modified":"2023-06-12T08:56:35","modified_gmt":"2023-06-12T06:56:35","slug":"el-ballet-de-cullar-vega-estrena-su-nuevo-espectaculo-mulan-el-domingo-18-de-junio","status":"publish","type":"post","link":"https:\/\/cullarvega.com\/casa-cultura\/el-ballet-de-cullar-vega-estrena-su-nuevo-espectaculo-mulan-el-domingo-18-de-junio\/","title":{"rendered":"El ballet de C\u00fallar Vega estrena su nuevo espect\u00e1culo \u00abMUL\u00c1N\u00bb el domingo 18 de junio"},"content":{"rendered":"\n<p>El Ballet de C\u00fallar Vega, de la <strong>Asociaci\u00f3n Cultural Amaros<\/strong>, estrena el pr\u00f3ximo domingo 18 de junio, su nuevo espect\u00e1culo <strong>MUL\u00c1N<\/strong>, donde participar\u00e1 todo el alumnado del taller de baile dirigido por Zoraida Pino.<\/p>\n\n\n\n<p>La funci\u00f3n contar\u00e1 con 2 pases,  a las 18:30 h el primero de ellos y a las 20:00 h el segundo. Ya est\u00e1 disponibles las entradas a 2 euros en la Casa de la Cultura.<\/p>\n\n\n\n<figure class=\"wp-block-image size-large\"><a href=\"https:\/\/cullarvega.com\/casa-cultura\/wp-content\/uploads\/2023\/06\/mulan.jpeg\"><img fetchpriority=\"high\" decoding=\"async\" width=\"1024\" height=\"684\" src=\"https:\/\/cullarvega.com\/casa-cultura\/wp-content\/uploads\/2023\/06\/mulan-1024x684.jpeg\" alt=\"\" class=\"wp-image-21219\" srcset=\"https:\/\/cullarvega.com\/casa-cultura\/wp-content\/uploads\/2023\/06\/mulan-1024x684.jpeg 1024w, https:\/\/cullarvega.com\/casa-cultura\/wp-content\/uploads\/2023\/06\/mulan-300x200.jpeg 300w, https:\/\/cullarvega.com\/casa-cultura\/wp-content\/uploads\/2023\/06\/mulan-768x513.jpeg 768w, https:\/\/cullarvega.com\/casa-cultura\/wp-content\/uploads\/2023\/06\/mulan-1536x1025.jpeg 1536w, https:\/\/cullarvega.com\/casa-cultura\/wp-content\/uploads\/2023\/06\/mulan-600x400.jpeg 600w, https:\/\/cullarvega.com\/casa-cultura\/wp-content\/uploads\/2023\/06\/mulan-560x374.jpeg 560w, https:\/\/cullarvega.com\/casa-cultura\/wp-content\/uploads\/2023\/06\/mulan.jpeg 2048w\" sizes=\"(max-width: 1024px) 100vw, 1024px\" \/><\/a><\/figure>\n","protected":false},"excerpt":{"rendered":"<p>El Ballet de C\u00fallar Vega, de la Asociaci\u00f3n Cultural Amaros, estrena el pr\u00f3ximo domingo 18 de junio, su nuevo espect\u00e1culo MUL\u00c1N, donde participar\u00e1 todo el alumnado del taller de baile dirigido por Zoraida Pino. La funci\u00f3n contar\u00e1 con 2 pases, a las 18:30 h el primero de ellos y a las 20:00 h el segundo. [&hellip;]<\/p>\n","protected":false},"author":1,"featured_media":21219,"comment_status":"closed","ping_status":"open","sticky":false,"template":"","format":"standard","meta":{"footnotes":""},"categories":[175],"tags":[],"class_list":["post-21218","post","type-post","status-publish","format-standard","has-post-thumbnail","hentry","category-teatro"],"_links":{"self":[{"href":"https:\/\/cullarvega.com\/casa-cultura\/wp-json\/wp\/v2\/posts\/21218","targetHints":{"allow":["GET"]}}],"collection":[{"href":"https:\/\/cullarvega.com\/casa-cultura\/wp-json\/wp\/v2\/posts"}],"about":[{"href":"https:\/\/cullarvega.com\/casa-cultura\/wp-json\/wp\/v2\/types\/post"}],"author":[{"embeddable":true,"href":"https:\/\/cullarvega.com\/casa-cultura\/wp-json\/wp\/v2\/users\/1"}],"replies":[{"embeddable":true,"href":"https:\/\/cullarvega.com\/casa-cultura\/wp-json\/wp\/v2\/comments?post=21218"}],"version-history":[{"count":1,"href":"https:\/\/cullarvega.com\/casa-cultura\/wp-json\/wp\/v2\/posts\/21218\/revisions"}],"predecessor-version":[{"id":21220,"href":"https:\/\/cullarvega.com\/casa-cultura\/wp-json\/wp\/v2\/posts\/21218\/revisions\/21220"}],"wp:featuredmedia":[{"embeddable":true,"href":"https:\/\/cullarvega.com\/casa-cultura\/wp-json\/wp\/v2\/media\/21219"}],"wp:attachment":[{"href":"https:\/\/cullarvega.com\/casa-cultura\/wp-json\/wp\/v2\/media?parent=21218"}],"wp:term":[{"taxonomy":"category","embeddable":true,"href":"https:\/\/cullarvega.com\/casa-cultura\/wp-json\/wp\/v2\/categories?post=21218"},{"taxonomy":"post_tag","embeddable":true,"href":"https:\/\/cullarvega.com\/casa-cultura\/wp-json\/wp\/v2\/tags?post=21218"}],"curies":[{"name":"wp","href":"https:\/\/api.w.org\/{rel}","templated":true}]}}