{"id":21211,"date":"2023-06-09T09:28:23","date_gmt":"2023-06-09T07:28:23","guid":{"rendered":"https:\/\/cullarvega.com\/casa-cultura\/?p=21211"},"modified":"2023-06-09T09:28:24","modified_gmt":"2023-06-09T07:28:24","slug":"bases-de-la-xxxvi-edicion-del-certamen-literario-de-cullar-vega","status":"publish","type":"post","link":"https:\/\/cullarvega.com\/casa-cultura\/bases-de-la-xxxvi-edicion-del-certamen-literario-de-cullar-vega\/","title":{"rendered":"Bases de la XXXVI edici\u00f3n del Certamen Literario de C\u00fallar Vega"},"content":{"rendered":"\n<p><strong>BASES<\/strong><\/p>\n\n\n\n<p>1. En esta trig\u00e9simo sexta edici\u00f3n se continuar\u00e1 con las modalidades de Relato Corto y Poes\u00eda, pudiendo concursar todas las personas que lo deseen, sin limitaci\u00f3n de edad o sexo. Participar\u00e1n con obras originales, in\u00e9ditas, escritas en castellano y que no hayan sido premiadas en ning\u00fan otro certamen.<\/p>\n\n\n\n<p>2. Los trabajos deber\u00e1n enviarse impresos en papel DIN A-4, a un espacio y medio y letra Times New Roman 12 por una sola cara. Se presentar\u00e1n por triplicado, firmados con seud\u00f3nimo y acompa\u00f1ados de plica en sobre cerrado en cuyo exterior se har\u00e1 constar seud\u00f3nimo y modalidad y en su interior nombre, apellidos, direcci\u00f3n, tel\u00e9fono y fecha de nacimiento del autor\/a. Ser\u00e1 motivo de exclusi\u00f3n no cumplir con todos los requisitos especificados.<\/p>\n\n\n\n<p>3. Modalidad de relato corto: cada concursante podr\u00e1 presentar como m\u00e1ximo un relato. No se establece una extensi\u00f3n m\u00ednima, siendo la m\u00e1xima de diez p\u00e1ginas.<\/p>\n\n\n\n<p>4. Modalidad de poes\u00eda: se presentar\u00e1n como m\u00ednimo cinco poemas y como m\u00e1ximo ocho. Cada concursante podr\u00e1 presentar como m\u00e1ximo una colecci\u00f3n de poemas.<\/p>\n\n\n\n<p>5. Los trabajos originales se enviar\u00e1n al Ayuntamiento de C\u00fallar Vega \u2013 Concejal\u00eda de Cultura, Calle Pablo Picasso, 21 \u2013 18195 C\u00fallar Vega (Granada), se\u00f1alando en el sobre PARA EL CERTAMEN LITERARIO, e indicando la modalidad. El plazo se abrir\u00e1 el 12 de Junio de 2023 y se prolongar\u00e1 hasta el 30 de Septiembre de 2023. En la primera quincena de enero de 2024 se dar\u00e1n a conocer los trabajos premiados.<\/p>\n\n\n\n<p>6. Premios. Se establece una \u00fanica categor\u00eda por modalidad con un primer premio de 200,00 \u20ac en met\u00e1lico y un segundo premio de 140,00 \u20ac en cada una de las modalidades. Adem\u00e1s, habr\u00e1 un \u00fanico premio de 120,00 \u20ac en met\u00e1lico para el mejor autor o autora local. No podr\u00e1 recaer m\u00e1s de un premio en una misma persona. El jurado se reserva el derecho de considerar desierto cualquiera de los premios.<\/p>\n\n\n\n<p>7. El Ayuntamiento de C\u00fallar Vega se reserva el derecho de publicar todos los relatos y poes\u00edas premiados en el concurso. El jurado tendr\u00e1 el poder de dirimir cualquier contingencia no reflejada en estas bases y su fallo ser\u00e1 inapelable. La participaci\u00f3n en el Certamen implica la plena aceptaci\u00f3n de estas bases. CONCEJAL\u00cdA DE CULTURA AYUNTAMIENTO DE C\u00daLLAR VEGA<\/p>\n\n\n\n<p>Descarga las bases\u00a0<a rel=\"noreferrer noopener\" href=\"https:\/\/www.cullarvega.com\/wp-content\/uploads\/2023\/06\/BASES-CERTAMEN-LITERARIO-2023.pdf\" target=\"_blank\">https:\/\/www.cullarvega.com\/wp-content\/uploads\/2023\/06\/BASES-CERTAMEN-LITERARIO-2023.pdf<\/a><\/p>\n\n\n\n<figure class=\"wp-block-image size-full\"><a href=\"https:\/\/cullarvega.com\/casa-cultura\/wp-content\/uploads\/2023\/06\/logocertamenliterario.png\"><img fetchpriority=\"high\" decoding=\"async\" width=\"629\" height=\"540\" src=\"https:\/\/cullarvega.com\/casa-cultura\/wp-content\/uploads\/2023\/06\/logocertamenliterario.png\" alt=\"\" class=\"wp-image-21212\" srcset=\"https:\/\/cullarvega.com\/casa-cultura\/wp-content\/uploads\/2023\/06\/logocertamenliterario.png 629w, https:\/\/cullarvega.com\/casa-cultura\/wp-content\/uploads\/2023\/06\/logocertamenliterario-300x258.png 300w, https:\/\/cullarvega.com\/casa-cultura\/wp-content\/uploads\/2023\/06\/logocertamenliterario-600x515.png 600w, https:\/\/cullarvega.com\/casa-cultura\/wp-content\/uploads\/2023\/06\/logocertamenliterario-560x481.png 560w\" sizes=\"(max-width: 629px) 100vw, 629px\" \/><\/a><\/figure>\n","protected":false},"excerpt":{"rendered":"<p>BASES 1. En esta trig\u00e9simo sexta edici\u00f3n se continuar\u00e1 con las modalidades de Relato Corto y Poes\u00eda, pudiendo concursar todas las personas que lo deseen, sin limitaci\u00f3n de edad o sexo. Participar\u00e1n con obras originales, in\u00e9ditas, escritas en castellano y que no hayan sido premiadas en ning\u00fan otro certamen. 2. Los trabajos deber\u00e1n enviarse impresos [&hellip;]<\/p>\n","protected":false},"author":7,"featured_media":21212,"comment_status":"closed","ping_status":"open","sticky":false,"template":"","format":"standard","meta":{"footnotes":""},"categories":[41],"tags":[],"class_list":["post-21211","post","type-post","status-publish","format-standard","has-post-thumbnail","hentry","category-biblioteca"],"_links":{"self":[{"href":"https:\/\/cullarvega.com\/casa-cultura\/wp-json\/wp\/v2\/posts\/21211","targetHints":{"allow":["GET"]}}],"collection":[{"href":"https:\/\/cullarvega.com\/casa-cultura\/wp-json\/wp\/v2\/posts"}],"about":[{"href":"https:\/\/cullarvega.com\/casa-cultura\/wp-json\/wp\/v2\/types\/post"}],"author":[{"embeddable":true,"href":"https:\/\/cullarvega.com\/casa-cultura\/wp-json\/wp\/v2\/users\/7"}],"replies":[{"embeddable":true,"href":"https:\/\/cullarvega.com\/casa-cultura\/wp-json\/wp\/v2\/comments?post=21211"}],"version-history":[{"count":1,"href":"https:\/\/cullarvega.com\/casa-cultura\/wp-json\/wp\/v2\/posts\/21211\/revisions"}],"predecessor-version":[{"id":21213,"href":"https:\/\/cullarvega.com\/casa-cultura\/wp-json\/wp\/v2\/posts\/21211\/revisions\/21213"}],"wp:featuredmedia":[{"embeddable":true,"href":"https:\/\/cullarvega.com\/casa-cultura\/wp-json\/wp\/v2\/media\/21212"}],"wp:attachment":[{"href":"https:\/\/cullarvega.com\/casa-cultura\/wp-json\/wp\/v2\/media?parent=21211"}],"wp:term":[{"taxonomy":"category","embeddable":true,"href":"https:\/\/cullarvega.com\/casa-cultura\/wp-json\/wp\/v2\/categories?post=21211"},{"taxonomy":"post_tag","embeddable":true,"href":"https:\/\/cullarvega.com\/casa-cultura\/wp-json\/wp\/v2\/tags?post=21211"}],"curies":[{"name":"wp","href":"https:\/\/api.w.org\/{rel}","templated":true}]}}