{"id":21190,"date":"2023-06-05T08:59:51","date_gmt":"2023-06-05T06:59:51","guid":{"rendered":"https:\/\/cullarvega.com\/casa-cultura\/?p=21190"},"modified":"2026-01-28T09:08:23","modified_gmt":"2026-01-28T07:08:23","slug":"mejora-tu-memoria-con-ayuda-de-las-tics","status":"publish","type":"post","link":"https:\/\/cullarvega.com\/casa-cultura\/mejora-tu-memoria-con-ayuda-de-las-tics\/","title":{"rendered":"Mejora tu memoria con ayuda de las TIC&#8217;s"},"content":{"rendered":"\n<p>Taller gratuito donde descubriremos y aprenderemos a usar aplicaciones y webs que nos ayudar\u00e1 a ejercitar y mejorar nuestra memoria d\u00eda a d\u00eda.<\/p>\n\n\n\n<ul class=\"wp-block-list\">\n<li><strong>FECHA: <\/strong>viernes 9 de junio<\/li>\n\n\n\n<li><strong>LUGAR<\/strong>: Centro Vuela Guadalinfo de C\u00fallar Vega (Paseo Jer\u00f3nimo de Rueda S\/N &#8211; Casa de la Cultura)<\/li>\n\n\n\n<li><strong>INSCRIPCI\u00d3N ONLINE: <\/strong><a href=\"https:\/\/forms.gle\/PSC8xTnH2dQAnxZd8\">https:\/\/forms.gle\/PSC8xTnH2dQAnxZd8<\/a><\/li>\n\n\n\n<li><strong>INFO: <\/strong>enviando un mensaje al Whatsapp 683 15 01 02<\/li>\n<\/ul>\n\n\n\n<figure class=\"wp-block-image size-large\"><a href=\"https:\/\/cullarvega.com\/casa-cultura\/wp-content\/uploads\/2023\/06\/mejora-memoria-tics.png\"><img fetchpriority=\"high\" decoding=\"async\" width=\"724\" height=\"1024\" src=\"https:\/\/cullarvega.com\/casa-cultura\/wp-content\/uploads\/2023\/06\/mejora-memoria-tics-724x1024.png\" alt=\"\" class=\"wp-image-21191\" srcset=\"https:\/\/cullarvega.com\/casa-cultura\/wp-content\/uploads\/2023\/06\/mejora-memoria-tics-724x1024.png 724w, https:\/\/cullarvega.com\/casa-cultura\/wp-content\/uploads\/2023\/06\/mejora-memoria-tics-212x300.png 212w, https:\/\/cullarvega.com\/casa-cultura\/wp-content\/uploads\/2023\/06\/mejora-memoria-tics-768x1086.png 768w, https:\/\/cullarvega.com\/casa-cultura\/wp-content\/uploads\/2023\/06\/mejora-memoria-tics-1086x1536.png 1086w, https:\/\/cullarvega.com\/casa-cultura\/wp-content\/uploads\/2023\/06\/mejora-memoria-tics-424x600.png 424w, https:\/\/cullarvega.com\/casa-cultura\/wp-content\/uploads\/2023\/06\/mejora-memoria-tics-396x560.png 396w, https:\/\/cullarvega.com\/casa-cultura\/wp-content\/uploads\/2023\/06\/mejora-memoria-tics.png 1414w\" sizes=\"(max-width: 724px) 100vw, 724px\" \/><\/a><\/figure>\n","protected":false},"excerpt":{"rendered":"<p>Taller gratuito donde descubriremos y aprenderemos a usar aplicaciones y webs que nos ayudar\u00e1 a ejercitar y mejorar nuestra memoria d\u00eda a d\u00eda.<\/p>\n","protected":false},"author":1,"featured_media":21191,"comment_status":"closed","ping_status":"open","sticky":false,"template":"","format":"standard","meta":{"footnotes":""},"categories":[43],"tags":[],"class_list":["post-21190","post","type-post","status-publish","format-standard","has-post-thumbnail","hentry","category-punto-vuela"],"_links":{"self":[{"href":"https:\/\/cullarvega.com\/casa-cultura\/wp-json\/wp\/v2\/posts\/21190","targetHints":{"allow":["GET"]}}],"collection":[{"href":"https:\/\/cullarvega.com\/casa-cultura\/wp-json\/wp\/v2\/posts"}],"about":[{"href":"https:\/\/cullarvega.com\/casa-cultura\/wp-json\/wp\/v2\/types\/post"}],"author":[{"embeddable":true,"href":"https:\/\/cullarvega.com\/casa-cultura\/wp-json\/wp\/v2\/users\/1"}],"replies":[{"embeddable":true,"href":"https:\/\/cullarvega.com\/casa-cultura\/wp-json\/wp\/v2\/comments?post=21190"}],"version-history":[{"count":3,"href":"https:\/\/cullarvega.com\/casa-cultura\/wp-json\/wp\/v2\/posts\/21190\/revisions"}],"predecessor-version":[{"id":22171,"href":"https:\/\/cullarvega.com\/casa-cultura\/wp-json\/wp\/v2\/posts\/21190\/revisions\/22171"}],"wp:featuredmedia":[{"embeddable":true,"href":"https:\/\/cullarvega.com\/casa-cultura\/wp-json\/wp\/v2\/media\/21191"}],"wp:attachment":[{"href":"https:\/\/cullarvega.com\/casa-cultura\/wp-json\/wp\/v2\/media?parent=21190"}],"wp:term":[{"taxonomy":"category","embeddable":true,"href":"https:\/\/cullarvega.com\/casa-cultura\/wp-json\/wp\/v2\/categories?post=21190"},{"taxonomy":"post_tag","embeddable":true,"href":"https:\/\/cullarvega.com\/casa-cultura\/wp-json\/wp\/v2\/tags?post=21190"}],"curies":[{"name":"wp","href":"https:\/\/api.w.org\/{rel}","templated":true}]}}