{"id":21171,"date":"2023-05-30T18:57:15","date_gmt":"2023-05-30T16:57:15","guid":{"rendered":"https:\/\/cullarvega.com\/casa-cultura\/?p=21171"},"modified":"2023-05-30T18:57:16","modified_gmt":"2023-05-30T16:57:16","slug":"toc-toc-una-comedia-obsesivamente-divertida-del-taller-municipal-de-teatro","status":"publish","type":"post","link":"https:\/\/cullarvega.com\/casa-cultura\/toc-toc-una-comedia-obsesivamente-divertida-del-taller-municipal-de-teatro\/","title":{"rendered":"\u00abToc Toc\u00bb una comedia obsesivamente divertida del taller municipal de teatro"},"content":{"rendered":"\n<p>Una comedia obsesivamente divertida del taller municipal de teatro de C\u00fallar Vega<\/p>\n\n\n\n<p><strong>D\u00eda<\/strong>: Domingo 4 de junio<\/p>\n\n\n\n<p><strong>Hora<\/strong>: 19:30 h.<\/p>\n\n\n\n<p><strong>Lugar<\/strong>: Casa de la Cultura de C\u00fallar Vega<\/p>\n\n\n\n<p><strong>Entrada<\/strong>: 3 \u20ac<\/p>\n\n\n\n<figure class=\"wp-block-image size-large\"><a href=\"https:\/\/cullarvega.com\/casa-cultura\/wp-content\/uploads\/2023\/05\/toc-toc.jpeg\"><img fetchpriority=\"high\" decoding=\"async\" width=\"676\" height=\"1024\" src=\"https:\/\/cullarvega.com\/casa-cultura\/wp-content\/uploads\/2023\/05\/toc-toc-676x1024.jpeg\" alt=\"\" class=\"wp-image-21172\" srcset=\"https:\/\/cullarvega.com\/casa-cultura\/wp-content\/uploads\/2023\/05\/toc-toc-676x1024.jpeg 676w, https:\/\/cullarvega.com\/casa-cultura\/wp-content\/uploads\/2023\/05\/toc-toc-198x300.jpeg 198w, https:\/\/cullarvega.com\/casa-cultura\/wp-content\/uploads\/2023\/05\/toc-toc-768x1163.jpeg 768w, https:\/\/cullarvega.com\/casa-cultura\/wp-content\/uploads\/2023\/05\/toc-toc-396x600.jpeg 396w, https:\/\/cullarvega.com\/casa-cultura\/wp-content\/uploads\/2023\/05\/toc-toc-370x560.jpeg 370w, https:\/\/cullarvega.com\/casa-cultura\/wp-content\/uploads\/2023\/05\/toc-toc.jpeg 936w\" sizes=\"(max-width: 676px) 100vw, 676px\" \/><\/a><\/figure>\n","protected":false},"excerpt":{"rendered":"<p>Una comedia obsesivamente divertida del taller municipal de teatro de C\u00fallar Vega D\u00eda: Domingo 4 de junio Hora: 19:30 h. Lugar: Casa de la Cultura de C\u00fallar Vega Entrada: 3 \u20ac<\/p>\n","protected":false},"author":1,"featured_media":21172,"comment_status":"closed","ping_status":"open","sticky":false,"template":"","format":"standard","meta":{"footnotes":""},"categories":[175],"tags":[],"class_list":["post-21171","post","type-post","status-publish","format-standard","has-post-thumbnail","hentry","category-teatro"],"_links":{"self":[{"href":"https:\/\/cullarvega.com\/casa-cultura\/wp-json\/wp\/v2\/posts\/21171","targetHints":{"allow":["GET"]}}],"collection":[{"href":"https:\/\/cullarvega.com\/casa-cultura\/wp-json\/wp\/v2\/posts"}],"about":[{"href":"https:\/\/cullarvega.com\/casa-cultura\/wp-json\/wp\/v2\/types\/post"}],"author":[{"embeddable":true,"href":"https:\/\/cullarvega.com\/casa-cultura\/wp-json\/wp\/v2\/users\/1"}],"replies":[{"embeddable":true,"href":"https:\/\/cullarvega.com\/casa-cultura\/wp-json\/wp\/v2\/comments?post=21171"}],"version-history":[{"count":1,"href":"https:\/\/cullarvega.com\/casa-cultura\/wp-json\/wp\/v2\/posts\/21171\/revisions"}],"predecessor-version":[{"id":21173,"href":"https:\/\/cullarvega.com\/casa-cultura\/wp-json\/wp\/v2\/posts\/21171\/revisions\/21173"}],"wp:featuredmedia":[{"embeddable":true,"href":"https:\/\/cullarvega.com\/casa-cultura\/wp-json\/wp\/v2\/media\/21172"}],"wp:attachment":[{"href":"https:\/\/cullarvega.com\/casa-cultura\/wp-json\/wp\/v2\/media?parent=21171"}],"wp:term":[{"taxonomy":"category","embeddable":true,"href":"https:\/\/cullarvega.com\/casa-cultura\/wp-json\/wp\/v2\/categories?post=21171"},{"taxonomy":"post_tag","embeddable":true,"href":"https:\/\/cullarvega.com\/casa-cultura\/wp-json\/wp\/v2\/tags?post=21171"}],"curies":[{"name":"wp","href":"https:\/\/api.w.org\/{rel}","templated":true}]}}