{"id":21159,"date":"2023-05-22T10:26:26","date_gmt":"2023-05-22T08:26:26","guid":{"rendered":"https:\/\/cullarvega.com\/casa-cultura\/?p=21159"},"modified":"2026-01-28T09:13:24","modified_gmt":"2026-01-28T07:13:24","slug":"taller-de-ofimatica-colaborativa-con-google-drive","status":"publish","type":"post","link":"https:\/\/cullarvega.com\/casa-cultura\/taller-de-ofimatica-colaborativa-con-google-drive\/","title":{"rendered":"Taller de Ofim\u00e1tica Colaborativa con Google Drive"},"content":{"rendered":"\n<p>Taller gratuito de ofim\u00e1tica colaborativa para aprender a crear, editar y compartir documentos de texto, hojas de c\u00e1lculo, formularios, presentaciones, webs, mapas, etc\u2026<\/p>\n\n\n\n<p>\ud83d\udc49 <strong>DIRIGIDO A<\/strong>: cualquier persona interesada en la materia. Imprescindible conocimientos b\u00e1sicos de ofim\u00e1tica y manejo de internet.<\/p>\n\n\n\n<p>\ud83d\udc41\ufe0f <strong>CONTENIDO<\/strong>: Introducci\u00f3n (interfaz, trabajos con archivos y carpetas) | Crear, Editar y Compartir Documentos de Google, Hojas de C\u00e1lculo de Google, Formularios de Google, Presentaciones de Google y otras Herramientas como creaci\u00f3n de sitios web con Google Sites, mymaps y dibujos de Google.<\/p>\n\n\n\n<p><strong>\ud83d\udd34 PLAZAS LIMITADAS<\/strong><\/p>\n\n\n\n<p>\ud83d\uddd3\ufe0f <strong>FECHA<\/strong>: 29 y 31 de mayo &#8211; 2 y 5 de junio de 2023<\/p>\n\n\n\n<p>\ud83d\udea9 <strong>LUGAR<\/strong>: Centro Vuela Guadalinfo de C\u00fallar Vega <\/p>\n\n\n\n<p>\ud83d\udcdd <strong>INSCRIPCI\u00d3N<\/strong> <strong>ONLINE<\/strong>: <a rel=\"noreferrer noopener\" href=\"https:\/\/forms.gle\/bAnztKy9MhAgDtpx5\" target=\"_blank\">https:\/\/forms.gle\/bAnztKy9MhAgDtpx5<\/a> las inscripciones se realizar\u00e1n por exclusivo orden de llegada y con evaluaci\u00f3n previa.<\/p>\n\n\n\n<p>\ud83d\udc49 <strong>M\u00c1S<\/strong> <strong>INFO<\/strong> <strong>Whastapp<\/strong>: 683 15 01 02<\/p>\n\n\n\n<figure class=\"wp-block-image size-large\"><a href=\"https:\/\/cullarvega.com\/casa-cultura\/wp-content\/uploads\/2023\/05\/taller-google-drive-mayo-2023.png\"><img fetchpriority=\"high\" decoding=\"async\" width=\"724\" height=\"1024\" src=\"https:\/\/cullarvega.com\/casa-cultura\/wp-content\/uploads\/2023\/05\/taller-google-drive-mayo-2023-724x1024.png\" alt=\"\" class=\"wp-image-21160\" srcset=\"https:\/\/cullarvega.com\/casa-cultura\/wp-content\/uploads\/2023\/05\/taller-google-drive-mayo-2023-724x1024.png 724w, https:\/\/cullarvega.com\/casa-cultura\/wp-content\/uploads\/2023\/05\/taller-google-drive-mayo-2023-212x300.png 212w, https:\/\/cullarvega.com\/casa-cultura\/wp-content\/uploads\/2023\/05\/taller-google-drive-mayo-2023-768x1086.png 768w, https:\/\/cullarvega.com\/casa-cultura\/wp-content\/uploads\/2023\/05\/taller-google-drive-mayo-2023-1086x1536.png 1086w, https:\/\/cullarvega.com\/casa-cultura\/wp-content\/uploads\/2023\/05\/taller-google-drive-mayo-2023-424x600.png 424w, https:\/\/cullarvega.com\/casa-cultura\/wp-content\/uploads\/2023\/05\/taller-google-drive-mayo-2023-396x560.png 396w, https:\/\/cullarvega.com\/casa-cultura\/wp-content\/uploads\/2023\/05\/taller-google-drive-mayo-2023.png 1414w\" sizes=\"(max-width: 724px) 100vw, 724px\" \/><\/a><\/figure>\n","protected":false},"excerpt":{"rendered":"<p>Taller gratuito de ofim\u00e1tica colaborativa para aprender a crear, editar y compartir documentos de texto, hojas de c\u00e1lculo, formularios, presentaciones, webs, mapas, etc\u2026 \ud83d\udc49 DIRIGIDO A: cualquier persona interesada en la materia. Imprescindible conocimientos b\u00e1sicos de ofim\u00e1tica y manejo de internet. \ud83d\udc41\ufe0f CONTENIDO: Introducci\u00f3n (interfaz, trabajos con archivos y carpetas) | Crear, Editar y Compartir [&hellip;]<\/p>\n","protected":false},"author":1,"featured_media":21160,"comment_status":"closed","ping_status":"open","sticky":false,"template":"","format":"standard","meta":{"footnotes":""},"categories":[43],"tags":[],"class_list":["post-21159","post","type-post","status-publish","format-standard","has-post-thumbnail","hentry","category-punto-vuela"],"_links":{"self":[{"href":"https:\/\/cullarvega.com\/casa-cultura\/wp-json\/wp\/v2\/posts\/21159","targetHints":{"allow":["GET"]}}],"collection":[{"href":"https:\/\/cullarvega.com\/casa-cultura\/wp-json\/wp\/v2\/posts"}],"about":[{"href":"https:\/\/cullarvega.com\/casa-cultura\/wp-json\/wp\/v2\/types\/post"}],"author":[{"embeddable":true,"href":"https:\/\/cullarvega.com\/casa-cultura\/wp-json\/wp\/v2\/users\/1"}],"replies":[{"embeddable":true,"href":"https:\/\/cullarvega.com\/casa-cultura\/wp-json\/wp\/v2\/comments?post=21159"}],"version-history":[{"count":5,"href":"https:\/\/cullarvega.com\/casa-cultura\/wp-json\/wp\/v2\/posts\/21159\/revisions"}],"predecessor-version":[{"id":22202,"href":"https:\/\/cullarvega.com\/casa-cultura\/wp-json\/wp\/v2\/posts\/21159\/revisions\/22202"}],"wp:featuredmedia":[{"embeddable":true,"href":"https:\/\/cullarvega.com\/casa-cultura\/wp-json\/wp\/v2\/media\/21160"}],"wp:attachment":[{"href":"https:\/\/cullarvega.com\/casa-cultura\/wp-json\/wp\/v2\/media?parent=21159"}],"wp:term":[{"taxonomy":"category","embeddable":true,"href":"https:\/\/cullarvega.com\/casa-cultura\/wp-json\/wp\/v2\/categories?post=21159"},{"taxonomy":"post_tag","embeddable":true,"href":"https:\/\/cullarvega.com\/casa-cultura\/wp-json\/wp\/v2\/tags?post=21159"}],"curies":[{"name":"wp","href":"https:\/\/api.w.org\/{rel}","templated":true}]}}