{"id":21153,"date":"2023-05-17T12:54:32","date_gmt":"2023-05-17T10:54:32","guid":{"rendered":"https:\/\/cullarvega.com\/casa-cultura\/?p=21153"},"modified":"2023-05-22T13:17:44","modified_gmt":"2023-05-22T11:17:44","slug":"el-silencio-de-otros-documental-audiodescrito-de-almudena-carracedo-rober-bahar-con-la-produccion-de-almodovar","status":"publish","type":"post","link":"https:\/\/cullarvega.com\/casa-cultura\/el-silencio-de-otros-documental-audiodescrito-de-almudena-carracedo-rober-bahar-con-la-produccion-de-almodovar\/","title":{"rendered":"\u00abEl Silencio de Otros\u00bb documental audiodescrito de Almudena Carracedo &amp; Rober Bahar, con la producci\u00f3n de Almod\u00f3var"},"content":{"rendered":"\n<p>AUDIODESCRIPCI\u00d3N del emotivo documental \u00abEl silencio de otros\u00bb (2018), de Almudena Carracedo &amp; Rober Bahar, con la producci\u00f3n de Almod\u00f3var.<\/p>\n\n\n\n<p>D\u00eda:  lunes 29 de mayo<\/p>\n\n\n\n<p>Hora: 18:30 h <\/p>\n\n\n\n<p>Lugar: Casa de la cultura de #C\u00fallarVega<\/p>\n\n\n\n<figure class=\"wp-block-image size-full\"><a href=\"https:\/\/cullarvega.com\/casa-cultura\/wp-content\/uploads\/2023\/05\/el-silencio-de-los-otros.jpeg\"><img fetchpriority=\"high\" decoding=\"async\" width=\"509\" height=\"720\" src=\"https:\/\/cullarvega.com\/casa-cultura\/wp-content\/uploads\/2023\/05\/el-silencio-de-los-otros.jpeg\" alt=\"\" class=\"wp-image-21154\" srcset=\"https:\/\/cullarvega.com\/casa-cultura\/wp-content\/uploads\/2023\/05\/el-silencio-de-los-otros.jpeg 509w, https:\/\/cullarvega.com\/casa-cultura\/wp-content\/uploads\/2023\/05\/el-silencio-de-los-otros-212x300.jpeg 212w, https:\/\/cullarvega.com\/casa-cultura\/wp-content\/uploads\/2023\/05\/el-silencio-de-los-otros-424x600.jpeg 424w, https:\/\/cullarvega.com\/casa-cultura\/wp-content\/uploads\/2023\/05\/el-silencio-de-los-otros-396x560.jpeg 396w\" sizes=\"(max-width: 509px) 100vw, 509px\" \/><\/a><\/figure>\n","protected":false},"excerpt":{"rendered":"<p>AUDIODESCRIPCI\u00d3N del emotivo documental \u00abEl silencio de otros\u00bb (2018), de Almudena Carracedo &amp; Rober Bahar, con la producci\u00f3n de Almod\u00f3var. D\u00eda: lunes 29 de mayo Hora: 18:30 h Lugar: Casa de la cultura de #C\u00fallarVega<\/p>\n","protected":false},"author":1,"featured_media":21154,"comment_status":"closed","ping_status":"open","sticky":false,"template":"","format":"standard","meta":{"footnotes":""},"categories":[175],"tags":[],"class_list":["post-21153","post","type-post","status-publish","format-standard","has-post-thumbnail","hentry","category-teatro"],"_links":{"self":[{"href":"https:\/\/cullarvega.com\/casa-cultura\/wp-json\/wp\/v2\/posts\/21153","targetHints":{"allow":["GET"]}}],"collection":[{"href":"https:\/\/cullarvega.com\/casa-cultura\/wp-json\/wp\/v2\/posts"}],"about":[{"href":"https:\/\/cullarvega.com\/casa-cultura\/wp-json\/wp\/v2\/types\/post"}],"author":[{"embeddable":true,"href":"https:\/\/cullarvega.com\/casa-cultura\/wp-json\/wp\/v2\/users\/1"}],"replies":[{"embeddable":true,"href":"https:\/\/cullarvega.com\/casa-cultura\/wp-json\/wp\/v2\/comments?post=21153"}],"version-history":[{"count":1,"href":"https:\/\/cullarvega.com\/casa-cultura\/wp-json\/wp\/v2\/posts\/21153\/revisions"}],"predecessor-version":[{"id":21155,"href":"https:\/\/cullarvega.com\/casa-cultura\/wp-json\/wp\/v2\/posts\/21153\/revisions\/21155"}],"wp:featuredmedia":[{"embeddable":true,"href":"https:\/\/cullarvega.com\/casa-cultura\/wp-json\/wp\/v2\/media\/21154"}],"wp:attachment":[{"href":"https:\/\/cullarvega.com\/casa-cultura\/wp-json\/wp\/v2\/media?parent=21153"}],"wp:term":[{"taxonomy":"category","embeddable":true,"href":"https:\/\/cullarvega.com\/casa-cultura\/wp-json\/wp\/v2\/categories?post=21153"},{"taxonomy":"post_tag","embeddable":true,"href":"https:\/\/cullarvega.com\/casa-cultura\/wp-json\/wp\/v2\/tags?post=21153"}],"curies":[{"name":"wp","href":"https:\/\/api.w.org\/{rel}","templated":true}]}}