{"id":21150,"date":"2023-05-16T11:17:07","date_gmt":"2023-05-16T09:17:07","guid":{"rendered":"https:\/\/cullarvega.com\/casa-cultura\/?p=21150"},"modified":"2023-05-16T11:17:09","modified_gmt":"2023-05-16T09:17:09","slug":"clases-de-ingles-con-escuela-oficial-de-idiomas-curso-2023-2024","status":"publish","type":"post","link":"https:\/\/cullarvega.com\/casa-cultura\/clases-de-ingles-con-escuela-oficial-de-idiomas-curso-2023-2024\/","title":{"rendered":"Clases de Ingl\u00e9s con Escuela Oficial de Idiomas curso 2023-2024"},"content":{"rendered":"\n<p>Clases de <strong>Ingl\u00e9s <\/strong>Semipresencial con la Escuela Oficial de Idiomas con clases presenciales en<strong> Centro de Educaci\u00f3n Permanente Elena Mart\u00edn Vivaldi<\/strong>.<\/p>\n\n\n\n<p><strong>El plazo de solicitud de admisi\u00f3n es del 1 al 22 de mayo <\/strong>establecido por la Escuela Oficial de Idiomas.<\/p>\n\n\n\n<p>La <strong>TUTOR\u00cdA DE APOYO AL ESTUDIO<\/strong> facilita al alumnado adulto la conciliaci\u00f3n del aprendizaje de idiomas con la vida laboral y personal.<\/p>\n\n\n\n<p>Se combina la docencia telem\u00e1tica a trav\u00e9s de una plataforma online, con sesiones presenciales cada semana en CEPER o Secciones.<\/p>\n\n\n\n<p>Otras Fechas para la admisi\u00f3n en las EOI: Listados definitivos de admitidos y no admitidos: 27 de junio | Plazo de matriculaci\u00f3n en la EOI del alumnado admitido en junio: del 1 al 10 de julio, ambos inclusive. Una vez matriculado en la EOI ven a formalizar la matr\u00edcula al CEPER Mart\u00edn Vivaldi en Santa Fe o secciones.<\/p>\n\n\n\n<p>El curso comienza en septiembre de 2023 y finaliza en junio de 2024. <\/p>\n\n\n\n<p><strong>Curso Semipresencial <\/strong>mediante <strong>plataforma online <\/strong>+ <strong>Clases presenciales <\/strong>en Santa Fe, <strong>C\u00fallar Vega<\/strong>, Cijuela o Fuente Vaqueros (los grupos se forman dependiendo de el n\u00famero de matriculas)<\/p>\n\n\n\n<p>Si no has sido admitido quedar\u00e1s en lista de espera y puede que la EOI pangan en contacto por email para hacer la matricula en septiembre. Ven a preguntar al CEPER en septiembre por si queda alguna plaza.<\/p>\n\n\n\n<p>M\u00e1s informaci\u00f3n en<strong> Centro P\u00fablico de Educaci\u00f3n de Personas Adultas Elena Mart\u00edn Vivaldi<\/strong> &#8211; Tel\u00e9fono: <a rel=\"noreferrer noopener\" href=\"tel:\/\/958893988\" target=\"_blank\">958 89 39 88<\/a><\/p>\n\n\n\n<figure class=\"wp-block-image size-full\"><a href=\"https:\/\/cullarvega.com\/casa-cultura\/wp-content\/uploads\/2023\/05\/clases-ingles-ceper-martin-vivaldi-23-24.jpeg\"><img fetchpriority=\"high\" decoding=\"async\" width=\"509\" height=\"720\" src=\"https:\/\/cullarvega.com\/casa-cultura\/wp-content\/uploads\/2023\/05\/clases-ingles-ceper-martin-vivaldi-23-24.jpeg\" alt=\"\" class=\"wp-image-21151\" srcset=\"https:\/\/cullarvega.com\/casa-cultura\/wp-content\/uploads\/2023\/05\/clases-ingles-ceper-martin-vivaldi-23-24.jpeg 509w, https:\/\/cullarvega.com\/casa-cultura\/wp-content\/uploads\/2023\/05\/clases-ingles-ceper-martin-vivaldi-23-24-212x300.jpeg 212w, https:\/\/cullarvega.com\/casa-cultura\/wp-content\/uploads\/2023\/05\/clases-ingles-ceper-martin-vivaldi-23-24-424x600.jpeg 424w, https:\/\/cullarvega.com\/casa-cultura\/wp-content\/uploads\/2023\/05\/clases-ingles-ceper-martin-vivaldi-23-24-396x560.jpeg 396w\" sizes=\"(max-width: 509px) 100vw, 509px\" \/><\/a><\/figure>\n","protected":false},"excerpt":{"rendered":"<p>Clases de Ingl\u00e9s Semipresencial con la Escuela Oficial de Idiomas con clases presenciales en Centro de Educaci\u00f3n Permanente Elena Mart\u00edn Vivaldi. El plazo de solicitud de admisi\u00f3n es del 1 al 22 de mayo establecido por la Escuela Oficial de Idiomas. La TUTOR\u00cdA DE APOYO AL ESTUDIO facilita al alumnado adulto la conciliaci\u00f3n del aprendizaje [&hellip;]<\/p>\n","protected":false},"author":1,"featured_media":21151,"comment_status":"closed","ping_status":"open","sticky":false,"template":"","format":"standard","meta":{"footnotes":""},"categories":[42],"tags":[],"class_list":["post-21150","post","type-post","status-publish","format-standard","has-post-thumbnail","hentry","category-ceper-elena-martin-vivaldi"],"_links":{"self":[{"href":"https:\/\/cullarvega.com\/casa-cultura\/wp-json\/wp\/v2\/posts\/21150","targetHints":{"allow":["GET"]}}],"collection":[{"href":"https:\/\/cullarvega.com\/casa-cultura\/wp-json\/wp\/v2\/posts"}],"about":[{"href":"https:\/\/cullarvega.com\/casa-cultura\/wp-json\/wp\/v2\/types\/post"}],"author":[{"embeddable":true,"href":"https:\/\/cullarvega.com\/casa-cultura\/wp-json\/wp\/v2\/users\/1"}],"replies":[{"embeddable":true,"href":"https:\/\/cullarvega.com\/casa-cultura\/wp-json\/wp\/v2\/comments?post=21150"}],"version-history":[{"count":1,"href":"https:\/\/cullarvega.com\/casa-cultura\/wp-json\/wp\/v2\/posts\/21150\/revisions"}],"predecessor-version":[{"id":21152,"href":"https:\/\/cullarvega.com\/casa-cultura\/wp-json\/wp\/v2\/posts\/21150\/revisions\/21152"}],"wp:featuredmedia":[{"embeddable":true,"href":"https:\/\/cullarvega.com\/casa-cultura\/wp-json\/wp\/v2\/media\/21151"}],"wp:attachment":[{"href":"https:\/\/cullarvega.com\/casa-cultura\/wp-json\/wp\/v2\/media?parent=21150"}],"wp:term":[{"taxonomy":"category","embeddable":true,"href":"https:\/\/cullarvega.com\/casa-cultura\/wp-json\/wp\/v2\/categories?post=21150"},{"taxonomy":"post_tag","embeddable":true,"href":"https:\/\/cullarvega.com\/casa-cultura\/wp-json\/wp\/v2\/tags?post=21150"}],"curies":[{"name":"wp","href":"https:\/\/api.w.org\/{rel}","templated":true}]}}