{"id":21145,"date":"2023-05-16T11:15:09","date_gmt":"2023-05-16T09:15:09","guid":{"rendered":"https:\/\/cullarvega.com\/casa-cultura\/?p=21145"},"modified":"2023-05-16T11:15:10","modified_gmt":"2023-05-16T09:15:10","slug":"31-de-mayo-de-2023-donacion-de-sangre","status":"publish","type":"post","link":"https:\/\/cullarvega.com\/casa-cultura\/31-de-mayo-de-2023-donacion-de-sangre\/","title":{"rendered":"31 de mayo de 2023: Donaci\u00f3n de Sangre"},"content":{"rendered":"\n<p>El mi\u00e9rcoles 31 de mayo de 17 a 21 h <strong>DONACI\u00d3N<\/strong> <strong>DE SANGRE <\/strong>en la Casa de la Cultura de C\u00fallar Vega.<\/p>\n\n\n\n<p><strong>Recarga Vidas. Dona Sangre. No faltes a esta cita con la solidaridad.<\/strong><\/p>\n\n\n\n<figure class=\"wp-block-image size-large\"><a href=\"https:\/\/cullarvega.com\/casa-cultura\/wp-content\/uploads\/2023\/05\/donacion-sangre-31-mayo-2023.jpeg\"><img fetchpriority=\"high\" decoding=\"async\" width=\"724\" height=\"1024\" src=\"https:\/\/cullarvega.com\/casa-cultura\/wp-content\/uploads\/2023\/05\/donacion-sangre-31-mayo-2023-724x1024.jpeg\" alt=\"\" class=\"wp-image-21146\" srcset=\"https:\/\/cullarvega.com\/casa-cultura\/wp-content\/uploads\/2023\/05\/donacion-sangre-31-mayo-2023-724x1024.jpeg 724w, https:\/\/cullarvega.com\/casa-cultura\/wp-content\/uploads\/2023\/05\/donacion-sangre-31-mayo-2023-212x300.jpeg 212w, https:\/\/cullarvega.com\/casa-cultura\/wp-content\/uploads\/2023\/05\/donacion-sangre-31-mayo-2023-768x1086.jpeg 768w, https:\/\/cullarvega.com\/casa-cultura\/wp-content\/uploads\/2023\/05\/donacion-sangre-31-mayo-2023-1086x1536.jpeg 1086w, https:\/\/cullarvega.com\/casa-cultura\/wp-content\/uploads\/2023\/05\/donacion-sangre-31-mayo-2023-424x600.jpeg 424w, https:\/\/cullarvega.com\/casa-cultura\/wp-content\/uploads\/2023\/05\/donacion-sangre-31-mayo-2023-396x560.jpeg 396w, https:\/\/cullarvega.com\/casa-cultura\/wp-content\/uploads\/2023\/05\/donacion-sangre-31-mayo-2023.jpeg 1131w\" sizes=\"(max-width: 724px) 100vw, 724px\" \/><\/a><\/figure>\n","protected":false},"excerpt":{"rendered":"<p>El mi\u00e9rcoles 31 de mayo de 17 a 21 h DONACI\u00d3N DE SANGRE en la Casa de la Cultura de C\u00fallar Vega. Recarga Vidas. Dona Sangre. No faltes a esta cita con la solidaridad.<\/p>\n","protected":false},"author":1,"featured_media":21146,"comment_status":"closed","ping_status":"open","sticky":false,"template":"","format":"standard","meta":{"footnotes":""},"categories":[118],"tags":[],"class_list":["post-21145","post","type-post","status-publish","format-standard","has-post-thumbnail","hentry","category-sala-exposiciones"],"_links":{"self":[{"href":"https:\/\/cullarvega.com\/casa-cultura\/wp-json\/wp\/v2\/posts\/21145","targetHints":{"allow":["GET"]}}],"collection":[{"href":"https:\/\/cullarvega.com\/casa-cultura\/wp-json\/wp\/v2\/posts"}],"about":[{"href":"https:\/\/cullarvega.com\/casa-cultura\/wp-json\/wp\/v2\/types\/post"}],"author":[{"embeddable":true,"href":"https:\/\/cullarvega.com\/casa-cultura\/wp-json\/wp\/v2\/users\/1"}],"replies":[{"embeddable":true,"href":"https:\/\/cullarvega.com\/casa-cultura\/wp-json\/wp\/v2\/comments?post=21145"}],"version-history":[{"count":1,"href":"https:\/\/cullarvega.com\/casa-cultura\/wp-json\/wp\/v2\/posts\/21145\/revisions"}],"predecessor-version":[{"id":21147,"href":"https:\/\/cullarvega.com\/casa-cultura\/wp-json\/wp\/v2\/posts\/21145\/revisions\/21147"}],"wp:featuredmedia":[{"embeddable":true,"href":"https:\/\/cullarvega.com\/casa-cultura\/wp-json\/wp\/v2\/media\/21146"}],"wp:attachment":[{"href":"https:\/\/cullarvega.com\/casa-cultura\/wp-json\/wp\/v2\/media?parent=21145"}],"wp:term":[{"taxonomy":"category","embeddable":true,"href":"https:\/\/cullarvega.com\/casa-cultura\/wp-json\/wp\/v2\/categories?post=21145"},{"taxonomy":"post_tag","embeddable":true,"href":"https:\/\/cullarvega.com\/casa-cultura\/wp-json\/wp\/v2\/tags?post=21145"}],"curies":[{"name":"wp","href":"https:\/\/api.w.org\/{rel}","templated":true}]}}