{"id":21136,"date":"2023-05-10T08:20:41","date_gmt":"2023-05-10T06:20:41","guid":{"rendered":"https:\/\/cullarvega.com\/casa-cultura\/?p=21136"},"modified":"2026-01-28T09:13:23","modified_gmt":"2026-01-28T07:13:23","slug":"talleres-de-fotografia-movil-para-mayores","status":"publish","type":"post","link":"https:\/\/cullarvega.com\/casa-cultura\/talleres-de-fotografia-movil-para-mayores\/","title":{"rendered":"Talleres de Fotograf\u00eda M\u00f3vil para mayores"},"content":{"rendered":"\n<p>Conoce las <strong>PAUTAS<\/strong> a seguir para <strong>MEJORAR<\/strong> las fotograf\u00edas que tomas con tu tel\u00e9fono m\u00f3vil en este taller de 2 horas de duraci\u00f3n y con realizaci\u00f3n de pr\u00e1ctica en exterior.<\/p>\n\n\n\n<ul class=\"wp-block-list\">\n<li><strong>Grupo I: <\/strong>mi\u00e9rcoles 17 de mayo <\/li>\n\n\n\n<li><strong>Grupo II: <\/strong>viernes 19 de mayo <\/li>\n<\/ul>\n\n\n\n<p><strong>LUGAR: <\/strong>Centro Vuela Guadalinfo de C\u00fallar Vega (Paseo Jer\u00f3nimo de Rueda S\/N &#8211; Casa de la Cultura)<\/p>\n\n\n\n<p><strong>INSCRIPCI\u00d3N ONLINE: <\/strong><a href=\"https:\/\/forms.gle\/Jcv4ETfXDAuDv3bs9\" target=\"_blank\" rel=\"noreferrer noopener\">https:\/\/forms.gle\/Jcv4ETfXDAuDv3bs9<\/a><\/p>\n\n\n\n<p>+ <strong>INFO <\/strong>enviando un mensaje al Whatsapp <a href=\"tel:\/\/683150102\" target=\"_blank\" rel=\"noreferrer noopener\">683150102<\/a><\/p>\n\n\n\n<figure class=\"wp-block-image size-large\"><a href=\"https:\/\/cullarvega.com\/casa-cultura\/wp-content\/uploads\/2023\/05\/taller-fotografia-movil-para-mayores.png\"><img fetchpriority=\"high\" decoding=\"async\" width=\"724\" height=\"1024\" src=\"https:\/\/cullarvega.com\/casa-cultura\/wp-content\/uploads\/2023\/05\/taller-fotografia-movil-para-mayores-724x1024.png\" alt=\"\" class=\"wp-image-21137\" srcset=\"https:\/\/cullarvega.com\/casa-cultura\/wp-content\/uploads\/2023\/05\/taller-fotografia-movil-para-mayores-724x1024.png 724w, https:\/\/cullarvega.com\/casa-cultura\/wp-content\/uploads\/2023\/05\/taller-fotografia-movil-para-mayores-212x300.png 212w, https:\/\/cullarvega.com\/casa-cultura\/wp-content\/uploads\/2023\/05\/taller-fotografia-movil-para-mayores-768x1086.png 768w, https:\/\/cullarvega.com\/casa-cultura\/wp-content\/uploads\/2023\/05\/taller-fotografia-movil-para-mayores-1086x1536.png 1086w, https:\/\/cullarvega.com\/casa-cultura\/wp-content\/uploads\/2023\/05\/taller-fotografia-movil-para-mayores-424x600.png 424w, https:\/\/cullarvega.com\/casa-cultura\/wp-content\/uploads\/2023\/05\/taller-fotografia-movil-para-mayores-396x560.png 396w, https:\/\/cullarvega.com\/casa-cultura\/wp-content\/uploads\/2023\/05\/taller-fotografia-movil-para-mayores.png 1414w\" sizes=\"(max-width: 724px) 100vw, 724px\" \/><\/a><\/figure>\n","protected":false},"excerpt":{"rendered":"<p>Conoce las PAUTAS a seguir para MEJORAR las fotograf\u00edas que tomas con tu tel\u00e9fono m\u00f3vil en este taller de 2 horas de duraci\u00f3n y con realizaci\u00f3n de pr\u00e1ctica en exterior. LUGAR: Centro Vuela Guadalinfo de C\u00fallar Vega (Paseo Jer\u00f3nimo de Rueda S\/N &#8211; Casa de la Cultura) INSCRIPCI\u00d3N ONLINE: https:\/\/forms.gle\/Jcv4ETfXDAuDv3bs9 + INFO enviando un mensaje [&hellip;]<\/p>\n","protected":false},"author":1,"featured_media":21137,"comment_status":"closed","ping_status":"open","sticky":false,"template":"","format":"standard","meta":{"footnotes":""},"categories":[43],"tags":[],"class_list":["post-21136","post","type-post","status-publish","format-standard","has-post-thumbnail","hentry","category-punto-vuela"],"_links":{"self":[{"href":"https:\/\/cullarvega.com\/casa-cultura\/wp-json\/wp\/v2\/posts\/21136","targetHints":{"allow":["GET"]}}],"collection":[{"href":"https:\/\/cullarvega.com\/casa-cultura\/wp-json\/wp\/v2\/posts"}],"about":[{"href":"https:\/\/cullarvega.com\/casa-cultura\/wp-json\/wp\/v2\/types\/post"}],"author":[{"embeddable":true,"href":"https:\/\/cullarvega.com\/casa-cultura\/wp-json\/wp\/v2\/users\/1"}],"replies":[{"embeddable":true,"href":"https:\/\/cullarvega.com\/casa-cultura\/wp-json\/wp\/v2\/comments?post=21136"}],"version-history":[{"count":2,"href":"https:\/\/cullarvega.com\/casa-cultura\/wp-json\/wp\/v2\/posts\/21136\/revisions"}],"predecessor-version":[{"id":22201,"href":"https:\/\/cullarvega.com\/casa-cultura\/wp-json\/wp\/v2\/posts\/21136\/revisions\/22201"}],"wp:featuredmedia":[{"embeddable":true,"href":"https:\/\/cullarvega.com\/casa-cultura\/wp-json\/wp\/v2\/media\/21137"}],"wp:attachment":[{"href":"https:\/\/cullarvega.com\/casa-cultura\/wp-json\/wp\/v2\/media?parent=21136"}],"wp:term":[{"taxonomy":"category","embeddable":true,"href":"https:\/\/cullarvega.com\/casa-cultura\/wp-json\/wp\/v2\/categories?post=21136"},{"taxonomy":"post_tag","embeddable":true,"href":"https:\/\/cullarvega.com\/casa-cultura\/wp-json\/wp\/v2\/tags?post=21136"}],"curies":[{"name":"wp","href":"https:\/\/api.w.org\/{rel}","templated":true}]}}