{"id":21123,"date":"2023-05-08T09:40:39","date_gmt":"2023-05-08T07:40:39","guid":{"rendered":"https:\/\/cullarvega.com\/casa-cultura\/?p=21123"},"modified":"2026-01-28T09:08:14","modified_gmt":"2026-01-28T07:08:14","slug":"sesiones-formativas-como-actuar-con-mi-hijo-o-hija-en-positivo","status":"publish","type":"post","link":"https:\/\/cullarvega.com\/casa-cultura\/sesiones-formativas-como-actuar-con-mi-hijo-o-hija-en-positivo\/","title":{"rendered":"Sesiones formativas \u00abC\u00f3mo actuar con mi hijo o hija en POSITIVO\u00bb"},"content":{"rendered":"\n<p>Taller gratuito dirigido a madres, padres y personas implicadas en la educaci\u00f3n donde veremos los siguientes puntos:<\/p>\n\n\n\n<p>&#8211;  Mejorar la convivencia familiar.<\/p>\n\n\n\n<p>&#8211; Fomentar habilidades de comunicaci\u00f3n.<\/p>\n\n\n\n<p>&#8211; Adquirir h\u00e1bitos de vida saludables.<\/p>\n\n\n\n<p>&#8211; Identificar conductas adictivas a las nuevas tecnolog\u00edas.<\/p>\n\n\n\n<p>&#8211; Establecer normas y l\u00edmites para prevenir conductas adictivas en alimentaci\u00f3n y juegos.<\/p>\n\n\n\n<p>Tendr\u00e1n lugar en la Casa de la Cultura (aula 1) en Paseo Ger\u00f3nimo de Rueda (C\u00fallar Vega)<\/p>\n\n\n\n<p>Sesiones:<\/p>\n\n\n\n<p><strong>&#8211; Lunes 15 de mayo:<\/strong> presentaci\u00f3n &#8211; Ser padre o madre &#8211; nuestra relaci\u00f3n familiar<\/p>\n\n\n\n<p><strong>&#8211; Lunes 22 de mayo<\/strong>: nuevas tecnolog\u00edas y actividades de ocio arriesgadas &#8211; el papel de las familias<\/p>\n\n\n\n<p><strong>&#8211; Lunes 29 de mayo: <\/strong>h\u00e1bitos saludables &#8211; nuestra alimentaci\u00f3n &#8211; prevenci\u00f3n de trastornos alimentarios<\/p>\n\n\n\n<p>Ap\u00fantate a las sesiones en la web: <a rel=\"noreferrer noopener\" href=\"https:\/\/www.fapagranada.org\/como-actuar-con-mi-hijo-o-hija-en-positivo\/\" target=\"_blank\">https:\/\/www.fapagranada.org\/como-actuar-con-mi-hijo-o-hija-en-positivo\/<\/a><\/p>\n\n\n\n<figure class=\"wp-block-image size-large\"><a href=\"https:\/\/cullarvega.com\/casa-cultura\/wp-content\/uploads\/2023\/05\/como-actuar-con-mi-hijo-hija-en-positivo-scaled.jpg\"><img fetchpriority=\"high\" decoding=\"async\" width=\"724\" height=\"1024\" src=\"https:\/\/cullarvega.com\/casa-cultura\/wp-content\/uploads\/2023\/05\/como-actuar-con-mi-hijo-hija-en-positivo-724x1024.jpg\" alt=\"\" class=\"wp-image-21124\" srcset=\"https:\/\/cullarvega.com\/casa-cultura\/wp-content\/uploads\/2023\/05\/como-actuar-con-mi-hijo-hija-en-positivo-724x1024.jpg 724w, https:\/\/cullarvega.com\/casa-cultura\/wp-content\/uploads\/2023\/05\/como-actuar-con-mi-hijo-hija-en-positivo-212x300.jpg 212w, https:\/\/cullarvega.com\/casa-cultura\/wp-content\/uploads\/2023\/05\/como-actuar-con-mi-hijo-hija-en-positivo-768x1086.jpg 768w, https:\/\/cullarvega.com\/casa-cultura\/wp-content\/uploads\/2023\/05\/como-actuar-con-mi-hijo-hija-en-positivo-1086x1536.jpg 1086w, https:\/\/cullarvega.com\/casa-cultura\/wp-content\/uploads\/2023\/05\/como-actuar-con-mi-hijo-hija-en-positivo-1449x2048.jpg 1449w, https:\/\/cullarvega.com\/casa-cultura\/wp-content\/uploads\/2023\/05\/como-actuar-con-mi-hijo-hija-en-positivo-424x600.jpg 424w, https:\/\/cullarvega.com\/casa-cultura\/wp-content\/uploads\/2023\/05\/como-actuar-con-mi-hijo-hija-en-positivo-396x560.jpg 396w, https:\/\/cullarvega.com\/casa-cultura\/wp-content\/uploads\/2023\/05\/como-actuar-con-mi-hijo-hija-en-positivo-scaled.jpg 1811w\" sizes=\"(max-width: 724px) 100vw, 724px\" \/><\/a><\/figure>\n","protected":false},"excerpt":{"rendered":"<p>Taller gratuito dirigido a madres, padres y personas implicadas en la educaci\u00f3n donde veremos los siguientes puntos: &#8211; Mejorar la convivencia familiar. &#8211; Fomentar habilidades de comunicaci\u00f3n. &#8211; Adquirir h\u00e1bitos de vida saludables. &#8211; Identificar conductas adictivas a las nuevas tecnolog\u00edas. &#8211; Establecer normas y l\u00edmites para prevenir conductas adictivas en alimentaci\u00f3n y juegos. Tendr\u00e1n [&hellip;]<\/p>\n","protected":false},"author":1,"featured_media":21124,"comment_status":"closed","ping_status":"open","sticky":false,"template":"","format":"standard","meta":{"footnotes":""},"categories":[176],"tags":[],"class_list":["post-21123","post","type-post","status-publish","format-standard","has-post-thumbnail","hentry","category-formacion"],"_links":{"self":[{"href":"https:\/\/cullarvega.com\/casa-cultura\/wp-json\/wp\/v2\/posts\/21123","targetHints":{"allow":["GET"]}}],"collection":[{"href":"https:\/\/cullarvega.com\/casa-cultura\/wp-json\/wp\/v2\/posts"}],"about":[{"href":"https:\/\/cullarvega.com\/casa-cultura\/wp-json\/wp\/v2\/types\/post"}],"author":[{"embeddable":true,"href":"https:\/\/cullarvega.com\/casa-cultura\/wp-json\/wp\/v2\/users\/1"}],"replies":[{"embeddable":true,"href":"https:\/\/cullarvega.com\/casa-cultura\/wp-json\/wp\/v2\/comments?post=21123"}],"version-history":[{"count":3,"href":"https:\/\/cullarvega.com\/casa-cultura\/wp-json\/wp\/v2\/posts\/21123\/revisions"}],"predecessor-version":[{"id":22170,"href":"https:\/\/cullarvega.com\/casa-cultura\/wp-json\/wp\/v2\/posts\/21123\/revisions\/22170"}],"wp:featuredmedia":[{"embeddable":true,"href":"https:\/\/cullarvega.com\/casa-cultura\/wp-json\/wp\/v2\/media\/21124"}],"wp:attachment":[{"href":"https:\/\/cullarvega.com\/casa-cultura\/wp-json\/wp\/v2\/media?parent=21123"}],"wp:term":[{"taxonomy":"category","embeddable":true,"href":"https:\/\/cullarvega.com\/casa-cultura\/wp-json\/wp\/v2\/categories?post=21123"},{"taxonomy":"post_tag","embeddable":true,"href":"https:\/\/cullarvega.com\/casa-cultura\/wp-json\/wp\/v2\/tags?post=21123"}],"curies":[{"name":"wp","href":"https:\/\/api.w.org\/{rel}","templated":true}]}}