{"id":21113,"date":"2023-04-12T11:06:18","date_gmt":"2023-04-12T09:06:18","guid":{"rendered":"https:\/\/cullarvega.com\/casa-cultura\/?p=21113"},"modified":"2026-01-28T09:13:21","modified_gmt":"2026-01-28T07:13:21","slug":"talleres-de-educacion-financiera-en-cullar-vega","status":"publish","type":"post","link":"https:\/\/cullarvega.com\/casa-cultura\/talleres-de-educacion-financiera-en-cullar-vega\/","title":{"rendered":"Talleres de Educaci\u00f3n Financiera en C\u00fallar Vega"},"content":{"rendered":"\n<p>El Centro Vuela Guadalinfo de C\u00fallar Vega ha organizado 2 talleres <strong>gratuitos <\/strong>de <strong>Educaci\u00f3n Financiera <\/strong>impartidos por <strong>Edufinet<\/strong>, promovido por Unicaja Banco y la Fundaci\u00f3n Bancaria Unicaja, y dirigido a personas mayores, desempleados y cualquier persona interesada al respecto.<\/p>\n\n\n\n<p>&#8211; <strong>Sesi\u00f3n<\/strong> <strong>te\u00f3rica<\/strong>: presupuesto familiar, indicadores econ\u00f3micos y financieros, renta fija, renta variable, planes de pensiones, seguridad en finanzas, nuevas tecnolog\u00edas.<\/p>\n\n\n\n<p>&#8211; <strong>Sesi\u00f3n<\/strong> <strong>pr\u00e1ctica<\/strong>: simulador cajero y simulador aplicaci\u00f3n m\u00f3vil.<\/p>\n\n\n\n<p>&#8211; <strong>Duraci\u00f3n<\/strong> aproximada de 2 horas y grupos reducidos.<\/p>\n\n\n\n<p>&#8211; Se contar\u00e1 en casa sesi\u00f3n con <strong>tablets<\/strong> para realizar la sesi\u00f3n pr\u00e1ctica.<\/p>\n\n\n\n<p>&#8211; <strong>Sesi\u00f3n Educaci\u00f3n Financiera para Mayores: <\/strong>Lunes 24 de abril <\/p>\n\n\n\n<p>&#8211;<strong>Sesi\u00f3n Educaci\u00f3n Financiera para Desemplead@s:<\/strong> Jueves 27 de abril <\/p>\n\n\n\n<p>&#8211; <strong>OBLIGATORIO INSCRIPCI\u00d3N ONLINE<\/strong>: <a href=\"https:\/\/forms.gle\/dibrm7kdhZ3ccRtv6\" target=\"_blank\" rel=\"noreferrer noopener\">https:\/\/forms.gle\/dibrm7kdhZ3ccRtv6<\/a><\/p>\n\n\n\n<p>&#8211; <strong>Lugar<\/strong> <strong>impartici\u00f3n<\/strong>: Centro Vuela Guadalinfo de C\u00fallar Vega (google maps: <a href=\"https:\/\/g.page\/centroguadalinfocullarvega\" target=\"_blank\" rel=\"noreferrer noopener\">https:\/\/g.page\/centroguadalinfocullarvega<\/a> )<\/p>\n\n\n\n<p>&#8211; M\u00e1s Informaci\u00f3n en el <strong>WhatsApp<\/strong> 683 15 01 02<\/p>\n\n\n\n<figure class=\"wp-block-gallery has-nested-images columns-default is-cropped wp-block-gallery-1 is-layout-flex wp-block-gallery-is-layout-flex\">\n<figure class=\"wp-block-image size-large\"><a href=\"https:\/\/cullarvega.com\/casa-cultura\/wp-content\/uploads\/2023\/04\/educacion-financiera-mayores-cullar-vega.jpg\"><img fetchpriority=\"high\" decoding=\"async\" width=\"724\" height=\"1024\" data-id=\"21114\" src=\"https:\/\/cullarvega.com\/casa-cultura\/wp-content\/uploads\/2023\/04\/educacion-financiera-mayores-cullar-vega-724x1024.jpg\" alt=\"\" class=\"wp-image-21114\" srcset=\"https:\/\/cullarvega.com\/casa-cultura\/wp-content\/uploads\/2023\/04\/educacion-financiera-mayores-cullar-vega-724x1024.jpg 724w, https:\/\/cullarvega.com\/casa-cultura\/wp-content\/uploads\/2023\/04\/educacion-financiera-mayores-cullar-vega-212x300.jpg 212w, https:\/\/cullarvega.com\/casa-cultura\/wp-content\/uploads\/2023\/04\/educacion-financiera-mayores-cullar-vega-768x1086.jpg 768w, https:\/\/cullarvega.com\/casa-cultura\/wp-content\/uploads\/2023\/04\/educacion-financiera-mayores-cullar-vega-1086x1536.jpg 1086w, https:\/\/cullarvega.com\/casa-cultura\/wp-content\/uploads\/2023\/04\/educacion-financiera-mayores-cullar-vega-424x600.jpg 424w, https:\/\/cullarvega.com\/casa-cultura\/wp-content\/uploads\/2023\/04\/educacion-financiera-mayores-cullar-vega-396x560.jpg 396w, https:\/\/cullarvega.com\/casa-cultura\/wp-content\/uploads\/2023\/04\/educacion-financiera-mayores-cullar-vega.jpg 1414w\" sizes=\"(max-width: 724px) 100vw, 724px\" \/><\/a><\/figure>\n\n\n\n<figure class=\"wp-block-image size-large\"><a href=\"https:\/\/cullarvega.com\/casa-cultura\/wp-content\/uploads\/2023\/04\/educacion-financiera-desempleados-cullar-vega.jpg\"><img decoding=\"async\" width=\"724\" height=\"1024\" data-id=\"21115\" src=\"https:\/\/cullarvega.com\/casa-cultura\/wp-content\/uploads\/2023\/04\/educacion-financiera-desempleados-cullar-vega-724x1024.jpg\" alt=\"\" class=\"wp-image-21115\" srcset=\"https:\/\/cullarvega.com\/casa-cultura\/wp-content\/uploads\/2023\/04\/educacion-financiera-desempleados-cullar-vega-724x1024.jpg 724w, https:\/\/cullarvega.com\/casa-cultura\/wp-content\/uploads\/2023\/04\/educacion-financiera-desempleados-cullar-vega-212x300.jpg 212w, https:\/\/cullarvega.com\/casa-cultura\/wp-content\/uploads\/2023\/04\/educacion-financiera-desempleados-cullar-vega-768x1086.jpg 768w, https:\/\/cullarvega.com\/casa-cultura\/wp-content\/uploads\/2023\/04\/educacion-financiera-desempleados-cullar-vega-1086x1536.jpg 1086w, https:\/\/cullarvega.com\/casa-cultura\/wp-content\/uploads\/2023\/04\/educacion-financiera-desempleados-cullar-vega-424x600.jpg 424w, https:\/\/cullarvega.com\/casa-cultura\/wp-content\/uploads\/2023\/04\/educacion-financiera-desempleados-cullar-vega-396x560.jpg 396w, https:\/\/cullarvega.com\/casa-cultura\/wp-content\/uploads\/2023\/04\/educacion-financiera-desempleados-cullar-vega.jpg 1414w\" sizes=\"(max-width: 724px) 100vw, 724px\" \/><\/a><\/figure>\n<\/figure>\n","protected":false},"excerpt":{"rendered":"<p>El Centro Vuela Guadalinfo de C\u00fallar Vega ha organizado 2 talleres gratuitos de Educaci\u00f3n Financiera impartidos por Edufinet, promovido por Unicaja Banco y la Fundaci\u00f3n Bancaria Unicaja, y dirigido a personas mayores, desempleados y cualquier persona interesada al respecto. &#8211; Sesi\u00f3n te\u00f3rica: presupuesto familiar, indicadores econ\u00f3micos y financieros, renta fija, renta variable, planes de pensiones, [&hellip;]<\/p>\n","protected":false},"author":1,"featured_media":21114,"comment_status":"closed","ping_status":"open","sticky":false,"template":"","format":"standard","meta":{"footnotes":""},"categories":[43],"tags":[],"class_list":["post-21113","post","type-post","status-publish","format-standard","has-post-thumbnail","hentry","category-punto-vuela"],"_links":{"self":[{"href":"https:\/\/cullarvega.com\/casa-cultura\/wp-json\/wp\/v2\/posts\/21113","targetHints":{"allow":["GET"]}}],"collection":[{"href":"https:\/\/cullarvega.com\/casa-cultura\/wp-json\/wp\/v2\/posts"}],"about":[{"href":"https:\/\/cullarvega.com\/casa-cultura\/wp-json\/wp\/v2\/types\/post"}],"author":[{"embeddable":true,"href":"https:\/\/cullarvega.com\/casa-cultura\/wp-json\/wp\/v2\/users\/1"}],"replies":[{"embeddable":true,"href":"https:\/\/cullarvega.com\/casa-cultura\/wp-json\/wp\/v2\/comments?post=21113"}],"version-history":[{"count":3,"href":"https:\/\/cullarvega.com\/casa-cultura\/wp-json\/wp\/v2\/posts\/21113\/revisions"}],"predecessor-version":[{"id":22200,"href":"https:\/\/cullarvega.com\/casa-cultura\/wp-json\/wp\/v2\/posts\/21113\/revisions\/22200"}],"wp:featuredmedia":[{"embeddable":true,"href":"https:\/\/cullarvega.com\/casa-cultura\/wp-json\/wp\/v2\/media\/21114"}],"wp:attachment":[{"href":"https:\/\/cullarvega.com\/casa-cultura\/wp-json\/wp\/v2\/media?parent=21113"}],"wp:term":[{"taxonomy":"category","embeddable":true,"href":"https:\/\/cullarvega.com\/casa-cultura\/wp-json\/wp\/v2\/categories?post=21113"},{"taxonomy":"post_tag","embeddable":true,"href":"https:\/\/cullarvega.com\/casa-cultura\/wp-json\/wp\/v2\/tags?post=21113"}],"curies":[{"name":"wp","href":"https:\/\/api.w.org\/{rel}","templated":true}]}}