{"id":21098,"date":"2023-04-10T09:03:38","date_gmt":"2023-04-10T07:03:38","guid":{"rendered":"https:\/\/cullarvega.com\/casa-cultura\/?p=21098"},"modified":"2023-04-11T07:58:44","modified_gmt":"2023-04-11T05:58:44","slug":"talleres-de-diseno-grafico-para-empresas-emprendedors-comercios-asociaciones-y-clubes","status":"publish","type":"post","link":"https:\/\/cullarvega.com\/casa-cultura\/talleres-de-diseno-grafico-para-empresas-emprendedors-comercios-asociaciones-y-clubes\/","title":{"rendered":"Talleres de Dise\u00f1o Gr\u00e1fico para Empresas, Emprendedor@s, Comercios, Asociaciones y Clubes"},"content":{"rendered":"\n<p>Del 19 al 26 de Abril se han programado varios talleres GRATUITOS de Dise\u00f1o Gr\u00e1fico con <strong>CANVA<\/strong> para <strong>empresas, emprendedor@es, comercios, asociaciones y clubes.<\/strong><\/p>\n\n\n\n<p>La duraci\u00f3n aproximada de cada taller ser\u00e1 de 1 hora y media y con grupo reducido para agilizar el aprendizaje. <\/p>\n\n\n\n<p>Canva es una herramienta f\u00e1cil de usar y muy vers\u00e1til con el que aprenderemos a crear publicaciones en redes sociales, carteler\u00eda, presentaciones, v\u00eddeos, etc\u2026 para nuestros centros y negocios.<\/p>\n\n\n\n<p><strong>Inscripci\u00f3n<\/strong> <strong>Online<\/strong>: <a href=\"https:\/\/forms.gle\/dwv2c76my2gEG7778\" target=\"_blank\" rel=\"noreferrer noopener\">https:\/\/forms.gle\/dwv2c76my2gEG7778<\/a><\/p>\n\n\n\n<p><strong>M\u00e1s<\/strong> <strong>info<\/strong>: whatsapp 683150102<\/p>\n\n\n\n<p><strong>Lugar<\/strong> <strong>impartici\u00f3n<\/strong>: Centro Vuela Guadalinfo de C\u00fallar Vega (google maps: <a rel=\"noreferrer noopener\" href=\"https:\/\/g.page\/centroguadalinfocullarvega\" target=\"_blank\">https:\/\/g.page\/centroguadalinfocullarvega<\/a> )<\/p>\n\n\n\n<figure class=\"wp-block-image size-large\"><a href=\"https:\/\/cullarvega.com\/casa-cultura\/wp-content\/uploads\/2023\/04\/taller-canva-empresas-asociaciones.jpg\"><img fetchpriority=\"high\" decoding=\"async\" width=\"724\" height=\"1024\" src=\"https:\/\/cullarvega.com\/casa-cultura\/wp-content\/uploads\/2023\/04\/taller-canva-empresas-asociaciones-724x1024.jpg\" alt=\"\" class=\"wp-image-21110\" srcset=\"https:\/\/cullarvega.com\/casa-cultura\/wp-content\/uploads\/2023\/04\/taller-canva-empresas-asociaciones-724x1024.jpg 724w, https:\/\/cullarvega.com\/casa-cultura\/wp-content\/uploads\/2023\/04\/taller-canva-empresas-asociaciones-212x300.jpg 212w, https:\/\/cullarvega.com\/casa-cultura\/wp-content\/uploads\/2023\/04\/taller-canva-empresas-asociaciones-768x1086.jpg 768w, https:\/\/cullarvega.com\/casa-cultura\/wp-content\/uploads\/2023\/04\/taller-canva-empresas-asociaciones-1086x1536.jpg 1086w, https:\/\/cullarvega.com\/casa-cultura\/wp-content\/uploads\/2023\/04\/taller-canva-empresas-asociaciones-424x600.jpg 424w, https:\/\/cullarvega.com\/casa-cultura\/wp-content\/uploads\/2023\/04\/taller-canva-empresas-asociaciones-396x560.jpg 396w, https:\/\/cullarvega.com\/casa-cultura\/wp-content\/uploads\/2023\/04\/taller-canva-empresas-asociaciones.jpg 1414w\" sizes=\"(max-width: 724px) 100vw, 724px\" \/><\/a><\/figure>\n","protected":false},"excerpt":{"rendered":"<p>Del 19 al 26 de Abril se han programado varios talleres GRATUITOS de Dise\u00f1o Gr\u00e1fico con CANVA para empresas, emprendedor@es, comercios, asociaciones y clubes. La duraci\u00f3n aproximada de cada taller ser\u00e1 de 1 hora y media y con grupo reducido para agilizar el aprendizaje. Canva es una herramienta f\u00e1cil de usar y muy vers\u00e1til con [&hellip;]<\/p>\n","protected":false},"author":1,"featured_media":21110,"comment_status":"closed","ping_status":"open","sticky":false,"template":"","format":"standard","meta":{"footnotes":""},"categories":[43],"tags":[],"class_list":["post-21098","post","type-post","status-publish","format-standard","has-post-thumbnail","hentry","category-punto-vuela"],"_links":{"self":[{"href":"https:\/\/cullarvega.com\/casa-cultura\/wp-json\/wp\/v2\/posts\/21098","targetHints":{"allow":["GET"]}}],"collection":[{"href":"https:\/\/cullarvega.com\/casa-cultura\/wp-json\/wp\/v2\/posts"}],"about":[{"href":"https:\/\/cullarvega.com\/casa-cultura\/wp-json\/wp\/v2\/types\/post"}],"author":[{"embeddable":true,"href":"https:\/\/cullarvega.com\/casa-cultura\/wp-json\/wp\/v2\/users\/1"}],"replies":[{"embeddable":true,"href":"https:\/\/cullarvega.com\/casa-cultura\/wp-json\/wp\/v2\/comments?post=21098"}],"version-history":[{"count":5,"href":"https:\/\/cullarvega.com\/casa-cultura\/wp-json\/wp\/v2\/posts\/21098\/revisions"}],"predecessor-version":[{"id":21111,"href":"https:\/\/cullarvega.com\/casa-cultura\/wp-json\/wp\/v2\/posts\/21098\/revisions\/21111"}],"wp:featuredmedia":[{"embeddable":true,"href":"https:\/\/cullarvega.com\/casa-cultura\/wp-json\/wp\/v2\/media\/21110"}],"wp:attachment":[{"href":"https:\/\/cullarvega.com\/casa-cultura\/wp-json\/wp\/v2\/media?parent=21098"}],"wp:term":[{"taxonomy":"category","embeddable":true,"href":"https:\/\/cullarvega.com\/casa-cultura\/wp-json\/wp\/v2\/categories?post=21098"},{"taxonomy":"post_tag","embeddable":true,"href":"https:\/\/cullarvega.com\/casa-cultura\/wp-json\/wp\/v2\/tags?post=21098"}],"curies":[{"name":"wp","href":"https:\/\/api.w.org\/{rel}","templated":true}]}}