{"id":21092,"date":"2023-04-03T09:06:55","date_gmt":"2023-04-03T07:06:55","guid":{"rendered":"https:\/\/cullarvega.com\/casa-cultura\/?p=21092"},"modified":"2023-04-03T09:07:24","modified_gmt":"2023-04-03T07:07:24","slug":"ocho-apellidos-andaluces-i-festival-de-comedia-de-andalucia-en-cullar-vega","status":"publish","type":"post","link":"https:\/\/cullarvega.com\/casa-cultura\/ocho-apellidos-andaluces-i-festival-de-comedia-de-andalucia-en-cullar-vega\/","title":{"rendered":"\u00abOcho Apellidos Andaluces\u00bb I Festival de Comedia de Andaluc\u00eda en C\u00fallar Vega"},"content":{"rendered":"\n<p>El Teatro Municipal de C\u00fallar Vega acoger\u00e1 el espect\u00e1culo <strong>\u00abOcho Apellidos Andaluces\u00bb<\/strong>, dentro de la programaci\u00f3n del <strong>I Festival de Comedia de Andaluc\u00eda<\/strong>, con la actuaci\u00f3n de<strong> Quique de la Fuente, Txapela<\/strong> <strong>C\u00e1diz<\/strong>, <strong>Abraham<\/strong> <strong>Mart\u00edn<\/strong> y Jes\u00fas Pi\u00f1a. <\/p>\n\n\n\n<p>El evento tendr\u00e1 lugar el s\u00e1bado 15 de abril a las 21:30 h.<\/p>\n\n\n\n<p>Esta primera edici\u00f3n del Festival<strong> <\/strong>estar\u00e1 presente en las ocho provincias Andaluzas durante los d\u00edas 18 de Marzo al 30 de Abril, abarcando la comedia en todos los g\u00e9neros como Teatro, cine, m\u00fasica, circo\u2026 <\/p>\n\n\n\n<p>Ya puedes adquirir tus entradas en <a rel=\"noreferrer noopener\" href=\"https:\/\/www.giglon.com\/todos?idEvent=ocho-apellidos-andaluces---festival-de-comedia-de-andalucia\" target=\"_blank\">https:\/\/www.giglon.com\/todos?idEvent=ocho-apellidos-andaluces&#8212;festival-de-comedia-de-andalucia<\/a><\/p>\n\n\n\n<figure class=\"wp-block-image size-large\"><a href=\"https:\/\/cullarvega.com\/casa-cultura\/wp-content\/uploads\/2023\/04\/i-festiva-comedia-andalucia-ocho-apellidos-andaluces.jpeg\"><img fetchpriority=\"high\" decoding=\"async\" width=\"725\" height=\"1024\" src=\"https:\/\/cullarvega.com\/casa-cultura\/wp-content\/uploads\/2023\/04\/i-festiva-comedia-andalucia-ocho-apellidos-andaluces-725x1024.jpeg\" alt=\"\" class=\"wp-image-21093\" srcset=\"https:\/\/cullarvega.com\/casa-cultura\/wp-content\/uploads\/2023\/04\/i-festiva-comedia-andalucia-ocho-apellidos-andaluces-725x1024.jpeg 725w, https:\/\/cullarvega.com\/casa-cultura\/wp-content\/uploads\/2023\/04\/i-festiva-comedia-andalucia-ocho-apellidos-andaluces-212x300.jpeg 212w, https:\/\/cullarvega.com\/casa-cultura\/wp-content\/uploads\/2023\/04\/i-festiva-comedia-andalucia-ocho-apellidos-andaluces-768x1085.jpeg 768w, https:\/\/cullarvega.com\/casa-cultura\/wp-content\/uploads\/2023\/04\/i-festiva-comedia-andalucia-ocho-apellidos-andaluces-425x600.jpeg 425w, https:\/\/cullarvega.com\/casa-cultura\/wp-content\/uploads\/2023\/04\/i-festiva-comedia-andalucia-ocho-apellidos-andaluces-396x560.jpeg 396w, https:\/\/cullarvega.com\/casa-cultura\/wp-content\/uploads\/2023\/04\/i-festiva-comedia-andalucia-ocho-apellidos-andaluces.jpeg 796w\" sizes=\"(max-width: 725px) 100vw, 725px\" \/><\/a><\/figure>\n","protected":false},"excerpt":{"rendered":"<p>El Teatro Municipal de C\u00fallar Vega acoger\u00e1 el espect\u00e1culo \u00abOcho Apellidos Andaluces\u00bb, dentro de la programaci\u00f3n del I Festival de Comedia de Andaluc\u00eda, con la actuaci\u00f3n de Quique de la Fuente, Txapela C\u00e1diz, Abraham Mart\u00edn y Jes\u00fas Pi\u00f1a. El evento tendr\u00e1 lugar el s\u00e1bado 15 de abril a las 21:30 h. Esta primera edici\u00f3n del [&hellip;]<\/p>\n","protected":false},"author":1,"featured_media":21093,"comment_status":"closed","ping_status":"open","sticky":false,"template":"","format":"standard","meta":{"footnotes":""},"categories":[175],"tags":[],"class_list":["post-21092","post","type-post","status-publish","format-standard","has-post-thumbnail","hentry","category-teatro"],"_links":{"self":[{"href":"https:\/\/cullarvega.com\/casa-cultura\/wp-json\/wp\/v2\/posts\/21092","targetHints":{"allow":["GET"]}}],"collection":[{"href":"https:\/\/cullarvega.com\/casa-cultura\/wp-json\/wp\/v2\/posts"}],"about":[{"href":"https:\/\/cullarvega.com\/casa-cultura\/wp-json\/wp\/v2\/types\/post"}],"author":[{"embeddable":true,"href":"https:\/\/cullarvega.com\/casa-cultura\/wp-json\/wp\/v2\/users\/1"}],"replies":[{"embeddable":true,"href":"https:\/\/cullarvega.com\/casa-cultura\/wp-json\/wp\/v2\/comments?post=21092"}],"version-history":[{"count":2,"href":"https:\/\/cullarvega.com\/casa-cultura\/wp-json\/wp\/v2\/posts\/21092\/revisions"}],"predecessor-version":[{"id":21095,"href":"https:\/\/cullarvega.com\/casa-cultura\/wp-json\/wp\/v2\/posts\/21092\/revisions\/21095"}],"wp:featuredmedia":[{"embeddable":true,"href":"https:\/\/cullarvega.com\/casa-cultura\/wp-json\/wp\/v2\/media\/21093"}],"wp:attachment":[{"href":"https:\/\/cullarvega.com\/casa-cultura\/wp-json\/wp\/v2\/media?parent=21092"}],"wp:term":[{"taxonomy":"category","embeddable":true,"href":"https:\/\/cullarvega.com\/casa-cultura\/wp-json\/wp\/v2\/categories?post=21092"},{"taxonomy":"post_tag","embeddable":true,"href":"https:\/\/cullarvega.com\/casa-cultura\/wp-json\/wp\/v2\/tags?post=21092"}],"curies":[{"name":"wp","href":"https:\/\/api.w.org\/{rel}","templated":true}]}}