{"id":21086,"date":"2023-03-22T13:25:09","date_gmt":"2023-03-22T11:25:09","guid":{"rendered":"https:\/\/cullarvega.com\/casa-cultura\/?p=21086"},"modified":"2023-03-22T13:25:10","modified_gmt":"2023-03-22T11:25:10","slug":"charla-de-prevencion-de-la-violencia-de-genero-haz-visible-lo-invisible","status":"publish","type":"post","link":"https:\/\/cullarvega.com\/casa-cultura\/charla-de-prevencion-de-la-violencia-de-genero-haz-visible-lo-invisible\/","title":{"rendered":"Charla de Prevenci\u00f3n de la Violencia de G\u00e9nero \u00abHaz visible lo invisible\u00bb"},"content":{"rendered":"\n<p>El 10 de abril tendr\u00e1 lugar una charla de<strong> Prevenci\u00f3n de la Violencia de G\u00e9nero <\/strong>para las aulas de C\u00fallar Vega y Vegas del Genil a las 16:30 h en el <strong>Aula 1 de la Casa de la Cultura de C\u00fallar Vega.<\/strong><\/p>\n\n\n\n<figure class=\"wp-block-image size-large\"><a href=\"https:\/\/cullarvega.com\/casa-cultura\/wp-content\/uploads\/2023\/03\/charla-violencia-genero-cullar-vega-10-abril.jpeg\"><img fetchpriority=\"high\" decoding=\"async\" width=\"1024\" height=\"576\" src=\"https:\/\/cullarvega.com\/casa-cultura\/wp-content\/uploads\/2023\/03\/charla-violencia-genero-cullar-vega-10-abril-1024x576.jpeg\" alt=\"\" class=\"wp-image-21087\" srcset=\"https:\/\/cullarvega.com\/casa-cultura\/wp-content\/uploads\/2023\/03\/charla-violencia-genero-cullar-vega-10-abril-1024x576.jpeg 1024w, https:\/\/cullarvega.com\/casa-cultura\/wp-content\/uploads\/2023\/03\/charla-violencia-genero-cullar-vega-10-abril-300x169.jpeg 300w, https:\/\/cullarvega.com\/casa-cultura\/wp-content\/uploads\/2023\/03\/charla-violencia-genero-cullar-vega-10-abril-768x432.jpeg 768w, https:\/\/cullarvega.com\/casa-cultura\/wp-content\/uploads\/2023\/03\/charla-violencia-genero-cullar-vega-10-abril-1536x864.jpeg 1536w, https:\/\/cullarvega.com\/casa-cultura\/wp-content\/uploads\/2023\/03\/charla-violencia-genero-cullar-vega-10-abril-600x338.jpeg 600w, https:\/\/cullarvega.com\/casa-cultura\/wp-content\/uploads\/2023\/03\/charla-violencia-genero-cullar-vega-10-abril-560x315.jpeg 560w, https:\/\/cullarvega.com\/casa-cultura\/wp-content\/uploads\/2023\/03\/charla-violencia-genero-cullar-vega-10-abril.jpeg 1920w\" sizes=\"(max-width: 1024px) 100vw, 1024px\" \/><\/a><\/figure>\n","protected":false},"excerpt":{"rendered":"<p>El 10 de abril tendr\u00e1 lugar una charla de Prevenci\u00f3n de la Violencia de G\u00e9nero para las aulas de C\u00fallar Vega y Vegas del Genil a las 16:30 h en el Aula 1 de la Casa de la Cultura de C\u00fallar Vega.<\/p>\n","protected":false},"author":1,"featured_media":21087,"comment_status":"closed","ping_status":"open","sticky":false,"template":"","format":"standard","meta":{"footnotes":""},"categories":[176],"tags":[],"class_list":["post-21086","post","type-post","status-publish","format-standard","has-post-thumbnail","hentry","category-formacion"],"_links":{"self":[{"href":"https:\/\/cullarvega.com\/casa-cultura\/wp-json\/wp\/v2\/posts\/21086","targetHints":{"allow":["GET"]}}],"collection":[{"href":"https:\/\/cullarvega.com\/casa-cultura\/wp-json\/wp\/v2\/posts"}],"about":[{"href":"https:\/\/cullarvega.com\/casa-cultura\/wp-json\/wp\/v2\/types\/post"}],"author":[{"embeddable":true,"href":"https:\/\/cullarvega.com\/casa-cultura\/wp-json\/wp\/v2\/users\/1"}],"replies":[{"embeddable":true,"href":"https:\/\/cullarvega.com\/casa-cultura\/wp-json\/wp\/v2\/comments?post=21086"}],"version-history":[{"count":1,"href":"https:\/\/cullarvega.com\/casa-cultura\/wp-json\/wp\/v2\/posts\/21086\/revisions"}],"predecessor-version":[{"id":21088,"href":"https:\/\/cullarvega.com\/casa-cultura\/wp-json\/wp\/v2\/posts\/21086\/revisions\/21088"}],"wp:featuredmedia":[{"embeddable":true,"href":"https:\/\/cullarvega.com\/casa-cultura\/wp-json\/wp\/v2\/media\/21087"}],"wp:attachment":[{"href":"https:\/\/cullarvega.com\/casa-cultura\/wp-json\/wp\/v2\/media?parent=21086"}],"wp:term":[{"taxonomy":"category","embeddable":true,"href":"https:\/\/cullarvega.com\/casa-cultura\/wp-json\/wp\/v2\/categories?post=21086"},{"taxonomy":"post_tag","embeddable":true,"href":"https:\/\/cullarvega.com\/casa-cultura\/wp-json\/wp\/v2\/tags?post=21086"}],"curies":[{"name":"wp","href":"https:\/\/api.w.org\/{rel}","templated":true}]}}