{"id":21041,"date":"2023-02-23T17:33:00","date_gmt":"2023-02-23T15:33:00","guid":{"rendered":"https:\/\/cullarvega.com\/casa-cultura\/?p=21041"},"modified":"2023-02-22T17:33:32","modified_gmt":"2023-02-22T15:33:32","slug":"nuevo-curso-cre-obligatorio-para-el-uso-del-tro-de-bac-para-los-petardos-del-nino-resucitado","status":"publish","type":"post","link":"https:\/\/cullarvega.com\/casa-cultura\/nuevo-curso-cre-obligatorio-para-el-uso-del-tro-de-bac-para-los-petardos-del-nino-resucitado\/","title":{"rendered":"Nuevo Curso CRE obligatorio para el uso del \u00abTr\u00f3 de Bac\u00bb para los petardos del Ni\u00f1o Resucitado"},"content":{"rendered":"\n<h2 class=\"wp-block-heading\">\u00bfA\u00fan no tienes el curso CRE (Consumidor Reconocido como Experto) para poder comprar y usar el Tr\u00f3 de Bac en la festividad del Ni\u00f1o Resucitado?<\/h2>\n\n\n\n<hr class=\"wp-block-separator has-alpha-channel-opacity\"\/>\n\n\n\n<p>Este a\u00f1o tienes una nueva oportunidad para poder acreditarte como CRE (Consumidor Reconocido como Experto).<\/p>\n\n\n\n<p>Inscripci\u00f3n del 27 de febrero al 15 de marzo en el  <strong>Ayuntamiento<\/strong> en horario de<strong> 9:30 a 14:00 horas<\/strong>.<\/p>\n\n\n\n<p><strong>D\u00eda y lugar del curso: <\/strong>Viernes 7 de abril (Casa de la Cultura de C\u00fallar Vega)<\/p>\n\n\n\n<p>Grupo m\u00ednimo: 30 personas<\/p>\n\n\n\n<p>Precio: 40 euros.<\/p>\n","protected":false},"excerpt":{"rendered":"<p>\u00bfA\u00fan no tienes el curso CRE (Consumidor Reconocido como Experto) para poder comprar y usar el Tr\u00f3 de Bac en la festividad del Ni\u00f1o Resucitado? Este a\u00f1o tienes una nueva oportunidad para poder acreditarte como CRE (Consumidor Reconocido como Experto). Inscripci\u00f3n del 27 de febrero al 15 de marzo en el Ayuntamiento en horario de [&hellip;]<\/p>\n","protected":false},"author":1,"featured_media":21039,"comment_status":"closed","ping_status":"open","sticky":false,"template":"","format":"standard","meta":{"footnotes":""},"categories":[175],"tags":[],"class_list":["post-21041","post","type-post","status-publish","format-standard","has-post-thumbnail","hentry","category-teatro"],"_links":{"self":[{"href":"https:\/\/cullarvega.com\/casa-cultura\/wp-json\/wp\/v2\/posts\/21041","targetHints":{"allow":["GET"]}}],"collection":[{"href":"https:\/\/cullarvega.com\/casa-cultura\/wp-json\/wp\/v2\/posts"}],"about":[{"href":"https:\/\/cullarvega.com\/casa-cultura\/wp-json\/wp\/v2\/types\/post"}],"author":[{"embeddable":true,"href":"https:\/\/cullarvega.com\/casa-cultura\/wp-json\/wp\/v2\/users\/1"}],"replies":[{"embeddable":true,"href":"https:\/\/cullarvega.com\/casa-cultura\/wp-json\/wp\/v2\/comments?post=21041"}],"version-history":[{"count":1,"href":"https:\/\/cullarvega.com\/casa-cultura\/wp-json\/wp\/v2\/posts\/21041\/revisions"}],"predecessor-version":[{"id":21042,"href":"https:\/\/cullarvega.com\/casa-cultura\/wp-json\/wp\/v2\/posts\/21041\/revisions\/21042"}],"wp:featuredmedia":[{"embeddable":true,"href":"https:\/\/cullarvega.com\/casa-cultura\/wp-json\/wp\/v2\/media\/21039"}],"wp:attachment":[{"href":"https:\/\/cullarvega.com\/casa-cultura\/wp-json\/wp\/v2\/media?parent=21041"}],"wp:term":[{"taxonomy":"category","embeddable":true,"href":"https:\/\/cullarvega.com\/casa-cultura\/wp-json\/wp\/v2\/categories?post=21041"},{"taxonomy":"post_tag","embeddable":true,"href":"https:\/\/cullarvega.com\/casa-cultura\/wp-json\/wp\/v2\/tags?post=21041"}],"curies":[{"name":"wp","href":"https:\/\/api.w.org\/{rel}","templated":true}]}}